{"id":91,"date":"2011-02-10T15:31:00","date_gmt":"2011-02-10T15:31:00","guid":{"rendered":"http:\/\/www.aite-extremadura.org\/blog\/?p=91"},"modified":"2018-05-09T23:39:11","modified_gmt":"2018-05-09T22:39:11","slug":"autismodiario-org","status":"publish","type":"post","link":"http:\/\/www.aite-extremadura.org\/blog\/autismodiario-org\/","title":{"rendered":"AutismoDiario.org"},"content":{"rendered":"<p>Hemos encontrado la noticia del nacimiento de <a href=\"http:\/\/autismodiario.org\/\">AUTISMODIARIO<\/a>. En \u00e9l pod\u00e9is encontrar todo tipo de noticias, congresos, informaci\u00f3n, etc. sobre autismo y discapacidad.<\/p>\n<p><\/p>\n<div style=\"clear: both; text-align: center;\"><\/div>\n<div style=\"clear: both; text-align: center;\"><a href=\"http:\/\/autismodiario.org\/\"><img loading=\"lazy\" decoding=\"async\" border=\"0\" h5=\"true\" height=\"30\" src=\"http:\/\/www.aite-extremadura.org\/blog\/wp-content\/uploads\/2011\/02\/cabecera-300x28.jpg\" width=\"320\" \/><\/a><\/div>\n<div style=\"clear: both; text-align: center;\"><\/div>\n<p>Lo a\u00f1adimos a nuestras p\u00e1ginas interesantes.<\/p>\n","protected":false},"excerpt":{"rendered":"<p>Hemos encontrado la noticia del nacimiento de AUTISMODIARIO. En \u00e9l pod\u00e9is encontrar todo tipo de noticias, congresos, informaci\u00f3n, etc. sobre autismo y discapacidad. Lo a\u00f1adimos a nuestras p\u00e1ginas interesantes.<\/p>\n","protected":false},"author":1,"featured_media":284,"comment_status":"closed","ping_status":"open","sticky":false,"template":"","format":"standard","meta":{"_monsterinsights_skip_tracking":false,"_monsterinsights_sitenote_active":false,"_monsterinsights_sitenote_note":"","_monsterinsights_sitenote_category":0,"footnotes":""},"categories":[9],"tags":[],"class_list":["post-91","post","type-post","status-publish","format-standard","has-post-thumbnail","hentry","category-paginas-de-interes"],"_links":{"self":[{"href":"http:\/\/www.aite-extremadura.org\/blog\/wp-json\/wp\/v2\/posts\/91","targetHints":{"allow":["GET"]}}],"collection":[{"href":"http:\/\/www.aite-extremadura.org\/blog\/wp-json\/wp\/v2\/posts"}],"about":[{"href":"http:\/\/www.aite-extremadura.org\/blog\/wp-json\/wp\/v2\/types\/post"}],"author":[{"embeddable":true,"href":"http:\/\/www.aite-extremadura.org\/blog\/wp-json\/wp\/v2\/users\/1"}],"replies":[{"embeddable":true,"href":"http:\/\/www.aite-extremadura.org\/blog\/wp-json\/wp\/v2\/comments?post=91"}],"version-history":[{"count":1,"href":"http:\/\/www.aite-extremadura.org\/blog\/wp-json\/wp\/v2\/posts\/91\/revisions"}],"predecessor-version":[{"id":488,"href":"http:\/\/www.aite-extremadura.org\/blog\/wp-json\/wp\/v2\/posts\/91\/revisions\/488"}],"wp:featuredmedia":[{"embeddable":true,"href":"http:\/\/www.aite-extremadura.org\/blog\/wp-json\/wp\/v2\/media\/284"}],"wp:attachment":[{"href":"http:\/\/www.aite-extremadura.org\/blog\/wp-json\/wp\/v2\/media?parent=91"}],"wp:term":[{"taxonomy":"category","embeddable":true,"href":"http:\/\/www.aite-extremadura.org\/blog\/wp-json\/wp\/v2\/categories?post=91"},{"taxonomy":"post_tag","embeddable":true,"href":"http:\/\/www.aite-extremadura.org\/blog\/wp-json\/wp\/v2\/tags?post=91"}],"curies":[{"name":"wp","href":"https:\/\/api.w.org\/{rel}","templated":true}]}}