{"id":90,"date":"2011-02-11T07:31:00","date_gmt":"2011-02-11T07:31:00","guid":{"rendered":"http:\/\/www.aite-extremadura.org\/blog\/?p=90"},"modified":"2018-05-09T23:39:11","modified_gmt":"2018-05-09T22:39:11","slug":"i-carrera-por-las-enfermedades-raras-por-la-esperanza-de-un-mundo-mejor","status":"publish","type":"post","link":"http:\/\/www.aite-extremadura.org\/blog\/i-carrera-por-las-enfermedades-raras-por-la-esperanza-de-un-mundo-mejor\/","title":{"rendered":"I Carrera por las Enfermedades Raras \u00abPor la esperanza de un mundo mejor\u00bb"},"content":{"rendered":"<div style=\"clear: both; text-align: center;\"><a href=\"http:\/\/www.aite-extremadura.org\/blog\/wp-content\/uploads\/2011\/02\/iniesta.jpg\" style=\"margin-left: 1em; margin-right: 1em;\"><img loading=\"lazy\" decoding=\"async\" border=\"0\" h5=\"true\" height=\"320\" src=\"http:\/\/www.aite-extremadura.org\/blog\/wp-content\/uploads\/2011\/02\/iniesta-214x300.jpg\" width=\"228\" \/><\/a><\/div>\n<p>Con motivo del D\u00eda mundial de las Enfermedades Raras, la delegaci\u00f3n Extreme\u00f1a de FEDER con la colaboraci\u00f3n de la Asociaci\u00f3n Deportivo-Solidaria Extremadura Natural y de la AACB Salud y Deporte, organiza la <strong>I Carrera por las Enfermedades Raras en Extremadura el domingo 27 de febrero de 2011<\/strong> con el objetivo de concienciar e informar a los ciudadanos sobre las denominadas Enfermedades Raras y contribuir a obtener fondos para los Bancos de Alimentos de Badajoz y de C\u00e1ceres.<\/p>\n<p>La prueba ser\u00e1 puntuable para el II Circuito de Atletismo Salud y Deporte, coordinado por la AACB-SD dentro del Proyecto Salus IV (Educaci\u00f3n para la Salud y Promoci\u00f3n para la Salud), financiado por la Consejer\u00eda de Sanidad y Dependencia.<br \/>Os animamos a hacer difusi\u00f3n de la pagina y a inscribiros en la carrera los que podais hacerlo y animar a vuestro entorno para que el dia 27 tengamos la maxima visibilidad. <br \/><a href=\"http:\/\/www.actuaporfederex.com\/\">http:\/\/www.actuaporfederex.com\/<\/a>&nbsp;<\/p>\n","protected":false},"excerpt":{"rendered":"<p>Con motivo del D\u00eda mundial de las Enfermedades Raras, la delegaci\u00f3n Extreme\u00f1a de FEDER con la colaboraci\u00f3n de la Asociaci\u00f3n Deportivo-Solidaria Extremadura Natural y de la AACB Salud y Deporte, organiza la I Carrera por las Enfermedades Raras en Extremadura el domingo 27 de febrero de 2011 con el objetivo de concienciar e informar a [&hellip;]<\/p>\n","protected":false},"author":1,"featured_media":283,"comment_status":"closed","ping_status":"open","sticky":false,"template":"","format":"standard","meta":{"_monsterinsights_skip_tracking":false,"_monsterinsights_sitenote_active":false,"_monsterinsights_sitenote_note":"","_monsterinsights_sitenote_category":0,"footnotes":""},"categories":[7],"tags":[],"class_list":["post-90","post","type-post","status-publish","format-standard","has-post-thumbnail","hentry","category-noticias"],"_links":{"self":[{"href":"http:\/\/www.aite-extremadura.org\/blog\/wp-json\/wp\/v2\/posts\/90","targetHints":{"allow":["GET"]}}],"collection":[{"href":"http:\/\/www.aite-extremadura.org\/blog\/wp-json\/wp\/v2\/posts"}],"about":[{"href":"http:\/\/www.aite-extremadura.org\/blog\/wp-json\/wp\/v2\/types\/post"}],"author":[{"embeddable":true,"href":"http:\/\/www.aite-extremadura.org\/blog\/wp-json\/wp\/v2\/users\/1"}],"replies":[{"embeddable":true,"href":"http:\/\/www.aite-extremadura.org\/blog\/wp-json\/wp\/v2\/comments?post=90"}],"version-history":[{"count":1,"href":"http:\/\/www.aite-extremadura.org\/blog\/wp-json\/wp\/v2\/posts\/90\/revisions"}],"predecessor-version":[{"id":487,"href":"http:\/\/www.aite-extremadura.org\/blog\/wp-json\/wp\/v2\/posts\/90\/revisions\/487"}],"wp:featuredmedia":[{"embeddable":true,"href":"http:\/\/www.aite-extremadura.org\/blog\/wp-json\/wp\/v2\/media\/283"}],"wp:attachment":[{"href":"http:\/\/www.aite-extremadura.org\/blog\/wp-json\/wp\/v2\/media?parent=90"}],"wp:term":[{"taxonomy":"category","embeddable":true,"href":"http:\/\/www.aite-extremadura.org\/blog\/wp-json\/wp\/v2\/categories?post=90"},{"taxonomy":"post_tag","embeddable":true,"href":"http:\/\/www.aite-extremadura.org\/blog\/wp-json\/wp\/v2\/tags?post=90"}],"curies":[{"name":"wp","href":"https:\/\/api.w.org\/{rel}","templated":true}]}}