{"id":9,"date":"2012-07-04T12:01:00","date_gmt":"2012-07-04T12:01:00","guid":{"rendered":"http:\/\/www.aite-extremadura.org\/blog\/?p=9"},"modified":"2018-05-09T23:39:08","modified_gmt":"2018-05-09T22:39:08","slug":"curso-de-lengua-de-signos","status":"publish","type":"post","link":"http:\/\/www.aite-extremadura.org\/blog\/curso-de-lengua-de-signos\/","title":{"rendered":"Curso de Lengua de Signos"},"content":{"rendered":"<p>Desde FEDAPAS organizan un Curso de \u00abComunicaci\u00f3n en Lengua de Signos\u00bb on line homologado por la Consejer\u00eda de Educaci\u00f3n y con una duraci\u00f3n de 48 horas (5 cr\u00e9ditos)<\/p>\n<p>Os dejamos toda la informaci\u00f3n en este <a href=\"http:\/\/www.lenguadesignosonline.org\/\">ENLACE<\/a><\/p>\n<div style=\"clear: both; text-align: center;\"><a href=\"http:\/\/www.aite-extremadura.org\/blog\/wp-content\/uploads\/2012\/07\/lseonlinewebestrechomedio.jpg\" style=\"margin-left: 1em; margin-right: 1em;\"><img loading=\"lazy\" decoding=\"async\" border=\"0\" height=\"149\" sca=\"true\" src=\"http:\/\/www.aite-extremadura.org\/blog\/wp-content\/uploads\/2012\/07\/lseonlinewebestrechomedio-300x140.jpg\" width=\"320\" \/><\/a><\/div>\n","protected":false},"excerpt":{"rendered":"<p>Desde FEDAPAS organizan un Curso de \u00abComunicaci\u00f3n en Lengua de Signos\u00bb on line homologado por la Consejer\u00eda de Educaci\u00f3n y con una duraci\u00f3n de 48 horas (5 cr\u00e9ditos) Os dejamos toda la informaci\u00f3n en este ENLACE<\/p>\n","protected":false},"author":1,"featured_media":199,"comment_status":"closed","ping_status":"open","sticky":false,"template":"","format":"standard","meta":{"_monsterinsights_skip_tracking":false,"_monsterinsights_sitenote_active":false,"_monsterinsights_sitenote_note":"","_monsterinsights_sitenote_category":0,"footnotes":""},"categories":[3],"tags":[],"class_list":["post-9","post","type-post","status-publish","format-standard","has-post-thumbnail","hentry","category-cursos"],"_links":{"self":[{"href":"http:\/\/www.aite-extremadura.org\/blog\/wp-json\/wp\/v2\/posts\/9","targetHints":{"allow":["GET"]}}],"collection":[{"href":"http:\/\/www.aite-extremadura.org\/blog\/wp-json\/wp\/v2\/posts"}],"about":[{"href":"http:\/\/www.aite-extremadura.org\/blog\/wp-json\/wp\/v2\/types\/post"}],"author":[{"embeddable":true,"href":"http:\/\/www.aite-extremadura.org\/blog\/wp-json\/wp\/v2\/users\/1"}],"replies":[{"embeddable":true,"href":"http:\/\/www.aite-extremadura.org\/blog\/wp-json\/wp\/v2\/comments?post=9"}],"version-history":[{"count":1,"href":"http:\/\/www.aite-extremadura.org\/blog\/wp-json\/wp\/v2\/posts\/9\/revisions"}],"predecessor-version":[{"id":415,"href":"http:\/\/www.aite-extremadura.org\/blog\/wp-json\/wp\/v2\/posts\/9\/revisions\/415"}],"wp:featuredmedia":[{"embeddable":true,"href":"http:\/\/www.aite-extremadura.org\/blog\/wp-json\/wp\/v2\/media\/199"}],"wp:attachment":[{"href":"http:\/\/www.aite-extremadura.org\/blog\/wp-json\/wp\/v2\/media?parent=9"}],"wp:term":[{"taxonomy":"category","embeddable":true,"href":"http:\/\/www.aite-extremadura.org\/blog\/wp-json\/wp\/v2\/categories?post=9"},{"taxonomy":"post_tag","embeddable":true,"href":"http:\/\/www.aite-extremadura.org\/blog\/wp-json\/wp\/v2\/tags?post=9"}],"curies":[{"name":"wp","href":"https:\/\/api.w.org\/{rel}","templated":true}]}}