{"id":89,"date":"2011-02-16T18:41:00","date_gmt":"2011-02-16T18:41:00","guid":{"rendered":"http:\/\/www.aite-extremadura.org\/blog\/?p=89"},"modified":"2018-05-09T23:39:11","modified_gmt":"2018-05-09T22:39:11","slug":"numero-monografico-sobre-atencion-temprana-en-la-revista-integracion","status":"publish","type":"post","link":"http:\/\/www.aite-extremadura.org\/blog\/numero-monografico-sobre-atencion-temprana-en-la-revista-integracion\/","title":{"rendered":"N\u00famero monogr\u00e1fico sobre Atenci\u00f3n Temprana en la Revista INTEGRACI\u00d3N"},"content":{"rendered":"<p>Siempre nos alegramos cuando se tiene en cuenta la Atenci\u00f3n Temprana en cualquier \u00e1mbito. En este caso, desde la ONCE nos env\u00edan este enlace al Monogr\u00e1fico sobre Atenci\u00f3n Temprana de la Revista INTEGRACI\u00d3N. <br \/>Les damos las gracias desde aqu\u00ed.<br \/>Os dejamos, como siempre, el <a href=\"http:\/\/www.once.es\/new\/servicios-especializados-en-discapacidad-visual\/publicaciones-sobre-discapacidad-visual\/nueva-estructura-revista-integracion\/ultimo-numero-publicado\/copy2_of_entrada-al-numero-actual\">ENLACE A LA REVISTA<\/a>. La ten\u00e9is a texto completo pinchando en el Sumario.<\/p>\n<div style=\"clear: both; text-align: center;\"><a href=\"http:\/\/www.once.es\/new\/servicios-especializados-en-discapacidad-visual\/publicaciones-sobre-discapacidad-visual\/nueva-estructura-revista-integracion\/ultimo-numero-publicado\/copy2_of_entrada-al-numero-actual\"><img loading=\"lazy\" decoding=\"async\" border=\"0\" height=\"320\" j6=\"true\" src=\"http:\/\/www.aite-extremadura.org\/blog\/wp-content\/uploads\/2011\/02\/INTEGRACION_58-212x300.jpg\" width=\"226\" \/><\/a><\/div>\n","protected":false},"excerpt":{"rendered":"<p>Siempre nos alegramos cuando se tiene en cuenta la Atenci\u00f3n Temprana en cualquier \u00e1mbito. En este caso, desde la ONCE nos env\u00edan este enlace al Monogr\u00e1fico sobre Atenci\u00f3n Temprana de la Revista INTEGRACI\u00d3N. Les damos las gracias desde aqu\u00ed.Os dejamos, como siempre, el ENLACE A LA REVISTA. La ten\u00e9is a texto completo pinchando en el [&hellip;]<\/p>\n","protected":false},"author":1,"featured_media":282,"comment_status":"closed","ping_status":"open","sticky":false,"template":"","format":"standard","meta":{"_monsterinsights_skip_tracking":false,"_monsterinsights_sitenote_active":false,"_monsterinsights_sitenote_note":"","_monsterinsights_sitenote_category":0,"footnotes":""},"categories":[13],"tags":[],"class_list":["post-89","post","type-post","status-publish","format-standard","has-post-thumbnail","hentry","category-publicaciones"],"_links":{"self":[{"href":"http:\/\/www.aite-extremadura.org\/blog\/wp-json\/wp\/v2\/posts\/89","targetHints":{"allow":["GET"]}}],"collection":[{"href":"http:\/\/www.aite-extremadura.org\/blog\/wp-json\/wp\/v2\/posts"}],"about":[{"href":"http:\/\/www.aite-extremadura.org\/blog\/wp-json\/wp\/v2\/types\/post"}],"author":[{"embeddable":true,"href":"http:\/\/www.aite-extremadura.org\/blog\/wp-json\/wp\/v2\/users\/1"}],"replies":[{"embeddable":true,"href":"http:\/\/www.aite-extremadura.org\/blog\/wp-json\/wp\/v2\/comments?post=89"}],"version-history":[{"count":1,"href":"http:\/\/www.aite-extremadura.org\/blog\/wp-json\/wp\/v2\/posts\/89\/revisions"}],"predecessor-version":[{"id":486,"href":"http:\/\/www.aite-extremadura.org\/blog\/wp-json\/wp\/v2\/posts\/89\/revisions\/486"}],"wp:featuredmedia":[{"embeddable":true,"href":"http:\/\/www.aite-extremadura.org\/blog\/wp-json\/wp\/v2\/media\/282"}],"wp:attachment":[{"href":"http:\/\/www.aite-extremadura.org\/blog\/wp-json\/wp\/v2\/media?parent=89"}],"wp:term":[{"taxonomy":"category","embeddable":true,"href":"http:\/\/www.aite-extremadura.org\/blog\/wp-json\/wp\/v2\/categories?post=89"},{"taxonomy":"post_tag","embeddable":true,"href":"http:\/\/www.aite-extremadura.org\/blog\/wp-json\/wp\/v2\/tags?post=89"}],"curies":[{"name":"wp","href":"https:\/\/api.w.org\/{rel}","templated":true}]}}