{"id":88,"date":"2011-02-18T07:29:00","date_gmt":"2011-02-18T07:29:00","guid":{"rendered":"http:\/\/www.aite-extremadura.org\/blog\/?p=88"},"modified":"2018-05-09T23:39:11","modified_gmt":"2018-05-09T22:39:11","slug":"nueva-pagina-web-del-sepad","status":"publish","type":"post","link":"http:\/\/www.aite-extremadura.org\/blog\/nueva-pagina-web-del-sepad\/","title":{"rendered":"Nueva p\u00e1gina web del SEPAD"},"content":{"rendered":"<p>El Servicio Extreme\u00f1o de Promoci\u00f3n de la Autonom\u00eda y Atenci\u00f3n a la Dependencia (SEPAD) tiene nueva p\u00e1gina web. La recomendamos porque nos parece un buen trabajo que ayudar\u00e1 en muchos aspectos a todos los profesionales que nos ocupamos de este \u00e1mbito. Os dejamos el <a href=\"http:\/\/www.sepad.es\/es\/web\/sepad\/inicio\">ENLACE A LA P\u00c1GINA WEB.<\/a><\/p>\n<div style=\"clear: both; text-align: center;\"><a href=\"http:\/\/www.sepad.es\/\"><img decoding=\"async\" border=\"0\" j6=\"true\" src=\"http:\/\/www.aite-extremadura.org\/blog\/wp-content\/uploads\/2011\/02\/SEPAD.gif\" \/><\/a><\/div>\n<p>Tambi\u00e9n queremos agradecer que nos incluyan dentro del apartado de <strong>Desarrollo Infantil<\/strong> como entidad colaboradora. Lo pod\u00e9is ver <a href=\"http:\/\/www.sepad.es\/es\/las-personas\/desarrollo-infantil\/relaciones-con-otras-organizaciones\">AQU\u00cd<\/a>. Esperamos que esa colaboraci\u00f3n vaya siempre adelante. Gracias Carmen.<\/p>\n<div style=\"clear: both; text-align: center;\"><a href=\"http:\/\/www.aite-extremadura.org\/blog\/wp-content\/uploads\/2011\/02\/alergiasbebe1.jpg\" style=\"margin-left: 1em; margin-right: 1em;\"><img loading=\"lazy\" decoding=\"async\" border=\"0\" height=\"213\" j6=\"true\" src=\"http:\/\/www.aite-extremadura.org\/blog\/wp-content\/uploads\/2011\/02\/alergiasbebe1-300x200.jpg\" width=\"320\" \/><\/a><\/div>\n","protected":false},"excerpt":{"rendered":"<p>El Servicio Extreme\u00f1o de Promoci\u00f3n de la Autonom\u00eda y Atenci\u00f3n a la Dependencia (SEPAD) tiene nueva p\u00e1gina web. La recomendamos porque nos parece un buen trabajo que ayudar\u00e1 en muchos aspectos a todos los profesionales que nos ocupamos de este \u00e1mbito. Os dejamos el ENLACE A LA P\u00c1GINA WEB. Tambi\u00e9n queremos agradecer que nos incluyan [&hellip;]<\/p>\n","protected":false},"author":1,"featured_media":280,"comment_status":"closed","ping_status":"open","sticky":false,"template":"","format":"standard","meta":{"_monsterinsights_skip_tracking":false,"_monsterinsights_sitenote_active":false,"_monsterinsights_sitenote_note":"","_monsterinsights_sitenote_category":0,"footnotes":""},"categories":[9],"tags":[],"class_list":["post-88","post","type-post","status-publish","format-standard","has-post-thumbnail","hentry","category-paginas-de-interes"],"_links":{"self":[{"href":"http:\/\/www.aite-extremadura.org\/blog\/wp-json\/wp\/v2\/posts\/88","targetHints":{"allow":["GET"]}}],"collection":[{"href":"http:\/\/www.aite-extremadura.org\/blog\/wp-json\/wp\/v2\/posts"}],"about":[{"href":"http:\/\/www.aite-extremadura.org\/blog\/wp-json\/wp\/v2\/types\/post"}],"author":[{"embeddable":true,"href":"http:\/\/www.aite-extremadura.org\/blog\/wp-json\/wp\/v2\/users\/1"}],"replies":[{"embeddable":true,"href":"http:\/\/www.aite-extremadura.org\/blog\/wp-json\/wp\/v2\/comments?post=88"}],"version-history":[{"count":1,"href":"http:\/\/www.aite-extremadura.org\/blog\/wp-json\/wp\/v2\/posts\/88\/revisions"}],"predecessor-version":[{"id":485,"href":"http:\/\/www.aite-extremadura.org\/blog\/wp-json\/wp\/v2\/posts\/88\/revisions\/485"}],"wp:featuredmedia":[{"embeddable":true,"href":"http:\/\/www.aite-extremadura.org\/blog\/wp-json\/wp\/v2\/media\/280"}],"wp:attachment":[{"href":"http:\/\/www.aite-extremadura.org\/blog\/wp-json\/wp\/v2\/media?parent=88"}],"wp:term":[{"taxonomy":"category","embeddable":true,"href":"http:\/\/www.aite-extremadura.org\/blog\/wp-json\/wp\/v2\/categories?post=88"},{"taxonomy":"post_tag","embeddable":true,"href":"http:\/\/www.aite-extremadura.org\/blog\/wp-json\/wp\/v2\/tags?post=88"}],"curies":[{"name":"wp","href":"https:\/\/api.w.org\/{rel}","templated":true}]}}