{"id":80,"date":"2011-03-15T12:43:00","date_gmt":"2011-03-15T12:43:00","guid":{"rendered":"http:\/\/www.aite-extremadura.org\/blog\/?p=80"},"modified":"2018-05-09T23:39:11","modified_gmt":"2018-05-09T22:39:11","slug":"curso-de-apego-en-la-universidad-de-extremadura","status":"publish","type":"post","link":"http:\/\/www.aite-extremadura.org\/blog\/curso-de-apego-en-la-universidad-de-extremadura\/","title":{"rendered":"Curso de Apego en la Universidad de Extremadura"},"content":{"rendered":"<div style=\"clear: both; text-align: left;\">Aqu\u00ed os dejamos la informaci\u00f3n de un curso que se imparte en la Facultad de Educaci\u00f3n de la Universidad de Extremadura, esperamos que sea de vuestro inter\u00e9s. Si est\u00e1is int\ufefferesados y quer\u00e9is la solicitud de inscripci\u00f3n os la podemos enviar solicit\u00e1ndola a nuestro correo <a href=\"mailto:info@aite-extremadura.org\">info@aite-extremadura.org<\/a> <\/div>\n<div align=\"justify\" style=\"clear: both; text-align: center;\"><\/div>\n<div style=\"clear: both; text-align: center;\"><a href=\"http:\/\/www.aite-extremadura.org\/blog\/wp-content\/uploads\/2011\/03\/Imagen-255B1-255D.jpg\" style=\"margin-left: 1em; margin-right: 1em;\"><img loading=\"lazy\" decoding=\"async\" border=\"0\" height=\"226\" q6=\"true\" src=\"http:\/\/www.aite-extremadura.org\/blog\/wp-content\/uploads\/2011\/03\/Imagen-255B1-255D-300x212.jpg\" width=\"320\" \/><\/a><\/div>\n<div style=\"clear: both; text-align: center;\">*T\u00edtulo del curso: Aportaciones actuales de la Teor\u00eda del Apego: generando herramientas para la intervenci\u00f3n psicosocial en la infancia y adolescencia.<\/div>\n<p>*N\u00famero de horas: 30 h. (3 cr\u00e9ditos)<br \/>*Fecha de inicio: 3 de Mayo de 2011.<br \/>*Fecha de finalizaci\u00f3n: 27 de Mayo de 2011.<br \/>*Horario: martes y viernes, de 17.00 \u00e1 21.00 horas. (24&nbsp;y 27 de Mayo, de 17.00&nbsp;a 20.00 horas)<br \/>*Se expedir\u00e1 certificado de aprovechamiento expedido por la Universidad de Extremadura.<br \/>*V\u00e1lido para oposiciones.<br \/>*No se puede faltar a m\u00e1s del 20% del total de horas del curso.<br \/>*Convalidados cr\u00e9ditos de libre elecci\u00f3n (3).<br \/>*Alumnado: Estudiantes y titulados en psicolog\u00eda, maestros, educaci\u00f3n social, medicina, enfermer\u00eda, trabajo social, pedagog\u00eda y psicopedagog\u00eda.<br \/>*Imparte: Profesorado de la Universidad de Extremadura y t\u00e9cnicos especialistas en las distintas materias.<br \/>*Lugar de celebraci\u00f3n: Facultad de Educaci\u00f3n (Badajoz)<br \/>*Lugar de inscripci\u00f3n: Facultad de Educaci\u00f3n. Edificio Anexo. Primera Planta. Despacho Jos\u00e9 Serrano Serrano. Tel\u00e9fono: 924.28.93.00. Extensi\u00f3n: 86664. Mail: <a href=\"mailto:jserrano@unex.es\">jserrano@unex.es<\/a> <br \/>*Precio: 55 euros.<br \/>*Ingresar en el siguiente n\u00famero de cuenta: (especificando \u201cCurso Apego\u201d)<br \/>0049 6744 44 2316155416 Banco Santander.<br \/>*Documentaci\u00f3n que hay que entregar para la matr\u00edcula:<br \/>-Fotocopia del resguardo del ingreso bancario.<br \/>-Solicitud de inscripci\u00f3n cumplimentada.<br \/>*Plazo de inscripci\u00f3n: desde el 1 de Marzo hasta el 28 de Abril de 2011.<\/p>\n<div style=\"text-align: justify;\">*Director del curso: Jos\u00e9 Serrano Serrano. Profesor del Departamento de Psicolog\u00eda y Antropolog\u00eda. Facultad de Educaci\u00f3n. Universidad de Extremadura.<\/div>\n","protected":false},"excerpt":{"rendered":"<p>Aqu\u00ed os dejamos la informaci\u00f3n de un curso que se imparte en la Facultad de Educaci\u00f3n de la Universidad de Extremadura, esperamos que sea de vuestro inter\u00e9s. Si est\u00e1is int\ufefferesados y quer\u00e9is la solicitud de inscripci\u00f3n os la podemos enviar solicit\u00e1ndola a nuestro correo info@aite-extremadura.org *T\u00edtulo del curso: Aportaciones actuales de la Teor\u00eda del Apego: [&hellip;]<\/p>\n","protected":false},"author":1,"featured_media":274,"comment_status":"closed","ping_status":"open","sticky":false,"template":"","format":"standard","meta":{"_monsterinsights_skip_tracking":false,"_monsterinsights_sitenote_active":false,"_monsterinsights_sitenote_note":"","_monsterinsights_sitenote_category":0,"footnotes":""},"categories":[3],"tags":[],"class_list":["post-80","post","type-post","status-publish","format-standard","has-post-thumbnail","hentry","category-cursos"],"_links":{"self":[{"href":"http:\/\/www.aite-extremadura.org\/blog\/wp-json\/wp\/v2\/posts\/80","targetHints":{"allow":["GET"]}}],"collection":[{"href":"http:\/\/www.aite-extremadura.org\/blog\/wp-json\/wp\/v2\/posts"}],"about":[{"href":"http:\/\/www.aite-extremadura.org\/blog\/wp-json\/wp\/v2\/types\/post"}],"author":[{"embeddable":true,"href":"http:\/\/www.aite-extremadura.org\/blog\/wp-json\/wp\/v2\/users\/1"}],"replies":[{"embeddable":true,"href":"http:\/\/www.aite-extremadura.org\/blog\/wp-json\/wp\/v2\/comments?post=80"}],"version-history":[{"count":1,"href":"http:\/\/www.aite-extremadura.org\/blog\/wp-json\/wp\/v2\/posts\/80\/revisions"}],"predecessor-version":[{"id":478,"href":"http:\/\/www.aite-extremadura.org\/blog\/wp-json\/wp\/v2\/posts\/80\/revisions\/478"}],"wp:featuredmedia":[{"embeddable":true,"href":"http:\/\/www.aite-extremadura.org\/blog\/wp-json\/wp\/v2\/media\/274"}],"wp:attachment":[{"href":"http:\/\/www.aite-extremadura.org\/blog\/wp-json\/wp\/v2\/media?parent=80"}],"wp:term":[{"taxonomy":"category","embeddable":true,"href":"http:\/\/www.aite-extremadura.org\/blog\/wp-json\/wp\/v2\/categories?post=80"},{"taxonomy":"post_tag","embeddable":true,"href":"http:\/\/www.aite-extremadura.org\/blog\/wp-json\/wp\/v2\/tags?post=80"}],"curies":[{"name":"wp","href":"https:\/\/api.w.org\/{rel}","templated":true}]}}