{"id":78,"date":"2011-03-21T09:10:00","date_gmt":"2011-03-21T09:10:00","guid":{"rendered":"http:\/\/www.aite-extremadura.org\/blog\/?p=78"},"modified":"2018-05-09T23:39:11","modified_gmt":"2018-05-09T22:39:11","slug":"manual-de-atencion-temprana","status":"publish","type":"post","link":"http:\/\/www.aite-extremadura.org\/blog\/manual-de-atencion-temprana\/","title":{"rendered":"Manual de Atenci\u00f3n Temprana"},"content":{"rendered":"<p>Este a\u00f1o se ha publicado un nuevo Manual sobre Atenci\u00f3n Temprana. La coordinadora de este libro es M\u00aa Jos\u00e9 Buceta, profesora del Departamento de Psicolog\u00eda en la Universidad de Santiago. Os dejamos la referencia por si quer\u00e9is consultarlo.<\/p>\n<div style=\"text-align: center;\"><a href=\"http:\/\/www.sintesis.com\/manuales-practicos-109\/manual-de-atencion-temprana-libro-1568.html\">MANUAL DE ATENCI\u00d3N TEMPRANA<\/a><\/div>\n<p><\/p>\n<div style=\"clear: both; text-align: center;\"><a href=\"http:\/\/www.aite-extremadura.org\/blog\/wp-content\/uploads\/2011\/03\/BUCETA.jpg\" style=\"margin-left: 1em; margin-right: 1em;\"><img decoding=\"async\" border=\"0\" r6=\"true\" src=\"http:\/\/www.aite-extremadura.org\/blog\/wp-content\/uploads\/2011\/03\/BUCETA.jpg\" \/><\/a><\/div>\n","protected":false},"excerpt":{"rendered":"<p>Este a\u00f1o se ha publicado un nuevo Manual sobre Atenci\u00f3n Temprana. La coordinadora de este libro es M\u00aa Jos\u00e9 Buceta, profesora del Departamento de Psicolog\u00eda en la Universidad de Santiago. Os dejamos la referencia por si quer\u00e9is consultarlo. MANUAL DE ATENCI\u00d3N TEMPRANA<\/p>\n","protected":false},"author":1,"featured_media":272,"comment_status":"closed","ping_status":"open","sticky":false,"template":"","format":"standard","meta":{"_monsterinsights_skip_tracking":false,"_monsterinsights_sitenote_active":false,"_monsterinsights_sitenote_note":"","_monsterinsights_sitenote_category":0,"footnotes":""},"categories":[2],"tags":[],"class_list":["post-78","post","type-post","status-publish","format-standard","has-post-thumbnail","hentry","category-libros"],"_links":{"self":[{"href":"http:\/\/www.aite-extremadura.org\/blog\/wp-json\/wp\/v2\/posts\/78","targetHints":{"allow":["GET"]}}],"collection":[{"href":"http:\/\/www.aite-extremadura.org\/blog\/wp-json\/wp\/v2\/posts"}],"about":[{"href":"http:\/\/www.aite-extremadura.org\/blog\/wp-json\/wp\/v2\/types\/post"}],"author":[{"embeddable":true,"href":"http:\/\/www.aite-extremadura.org\/blog\/wp-json\/wp\/v2\/users\/1"}],"replies":[{"embeddable":true,"href":"http:\/\/www.aite-extremadura.org\/blog\/wp-json\/wp\/v2\/comments?post=78"}],"version-history":[{"count":1,"href":"http:\/\/www.aite-extremadura.org\/blog\/wp-json\/wp\/v2\/posts\/78\/revisions"}],"predecessor-version":[{"id":477,"href":"http:\/\/www.aite-extremadura.org\/blog\/wp-json\/wp\/v2\/posts\/78\/revisions\/477"}],"wp:featuredmedia":[{"embeddable":true,"href":"http:\/\/www.aite-extremadura.org\/blog\/wp-json\/wp\/v2\/media\/272"}],"wp:attachment":[{"href":"http:\/\/www.aite-extremadura.org\/blog\/wp-json\/wp\/v2\/media?parent=78"}],"wp:term":[{"taxonomy":"category","embeddable":true,"href":"http:\/\/www.aite-extremadura.org\/blog\/wp-json\/wp\/v2\/categories?post=78"},{"taxonomy":"post_tag","embeddable":true,"href":"http:\/\/www.aite-extremadura.org\/blog\/wp-json\/wp\/v2\/tags?post=78"}],"curies":[{"name":"wp","href":"https:\/\/api.w.org\/{rel}","templated":true}]}}