{"id":74,"date":"2011-04-07T07:55:00","date_gmt":"2011-04-07T07:55:00","guid":{"rendered":"http:\/\/www.aite-extremadura.org\/blog\/?p=74"},"modified":"2018-05-09T23:39:10","modified_gmt":"2018-05-09T22:39:10","slug":"conferencia-del-profesor-juan-martos-en-zaragoza","status":"publish","type":"post","link":"http:\/\/www.aite-extremadura.org\/blog\/conferencia-del-profesor-juan-martos-en-zaragoza\/","title":{"rendered":"Conferencia del Profesor Juan Martos en Zaragoza"},"content":{"rendered":"<div style=\"clear: both; text-align: center;\"><a href=\"http:\/\/www.aite-extremadura.org\/blog\/wp-content\/uploads\/2011\/04\/dibujito.jpg\" style=\"margin-left: 1em; margin-right: 1em;\"><img loading=\"lazy\" decoding=\"async\" border=\"0\" height=\"262\" r6=\"true\" src=\"http:\/\/www.aite-extremadura.org\/blog\/wp-content\/uploads\/2011\/04\/dibujito-300x246.jpg\" width=\"320\" \/><\/a><\/div>\n<div style=\"text-align: center;\">FUNDACI\u00d3N GENES Y GENTES<\/div>\n<div style=\"text-align: center;\">ENCUENTROS CON EXPERTOS<\/div>\n<div style=\"text-align: center;\"><\/div>\n<div style=\"text-align: center;\">Una mirada actual al autismo<\/div>\n<div style=\"text-align: center;\">y al trastorno de espectro autista<\/div>\n<div style=\"text-align: center;\"><\/div>\n<div style=\"text-align: center;\">Prof. Juan Martos P\u00e9rez<\/div>\n<div style=\"text-align: center;\"><\/div>\n<div style=\"text-align: center;\">Informaci\u00f3n:<\/div>\n<div style=\"text-align: center;\">Fundaci\u00f3n Genes y Gentes<\/div>\n<div style=\"text-align: center;\">Tel.: 976 232 100<\/div>\n<div style=\"text-align: center;\"><a href=\"mailto:info@fundaciongenesygentes.es\">info@fundaciongenesygentes.es<\/a> <\/div>\n<div style=\"text-align: center;\"><\/div>\n<div style=\"text-align: center;\">CONFERENCIA Y COLOQUIO<\/div>\n<div style=\"text-align: center;\">Martes, 12 de abril de 2011<\/div>\n<div style=\"text-align: center;\">18:00 horas<\/div>\n<div style=\"text-align: center;\">Colegio Jes\u00fas Mar\u00eda El Salvador<\/div>\n<div style=\"text-align: center;\">C\/ Padre Arrupe, 13. Zaragoza<\/div>\n<div style=\"text-align: center;\">Entrada libre hasta completar aforo<\/div>\n","protected":false},"excerpt":{"rendered":"<p>FUNDACI\u00d3N GENES Y GENTES ENCUENTROS CON EXPERTOS Una mirada actual al autismo y al trastorno de espectro autista Prof. Juan Martos P\u00e9rez Informaci\u00f3n: Fundaci\u00f3n Genes y Gentes Tel.: 976 232 100 info@fundaciongenesygentes.es CONFERENCIA Y COLOQUIO Martes, 12 de abril de 2011 18:00 horas Colegio Jes\u00fas Mar\u00eda El Salvador C\/ Padre Arrupe, 13. Zaragoza Entrada libre [&hellip;]<\/p>\n","protected":false},"author":1,"featured_media":269,"comment_status":"closed","ping_status":"open","sticky":false,"template":"","format":"standard","meta":{"_monsterinsights_skip_tracking":false,"_monsterinsights_sitenote_active":false,"_monsterinsights_sitenote_note":"","_monsterinsights_sitenote_category":0,"footnotes":""},"categories":[10],"tags":[],"class_list":["post-74","post","type-post","status-publish","format-standard","has-post-thumbnail","hentry","category-conferencias"],"_links":{"self":[{"href":"http:\/\/www.aite-extremadura.org\/blog\/wp-json\/wp\/v2\/posts\/74","targetHints":{"allow":["GET"]}}],"collection":[{"href":"http:\/\/www.aite-extremadura.org\/blog\/wp-json\/wp\/v2\/posts"}],"about":[{"href":"http:\/\/www.aite-extremadura.org\/blog\/wp-json\/wp\/v2\/types\/post"}],"author":[{"embeddable":true,"href":"http:\/\/www.aite-extremadura.org\/blog\/wp-json\/wp\/v2\/users\/1"}],"replies":[{"embeddable":true,"href":"http:\/\/www.aite-extremadura.org\/blog\/wp-json\/wp\/v2\/comments?post=74"}],"version-history":[{"count":1,"href":"http:\/\/www.aite-extremadura.org\/blog\/wp-json\/wp\/v2\/posts\/74\/revisions"}],"predecessor-version":[{"id":473,"href":"http:\/\/www.aite-extremadura.org\/blog\/wp-json\/wp\/v2\/posts\/74\/revisions\/473"}],"wp:featuredmedia":[{"embeddable":true,"href":"http:\/\/www.aite-extremadura.org\/blog\/wp-json\/wp\/v2\/media\/269"}],"wp:attachment":[{"href":"http:\/\/www.aite-extremadura.org\/blog\/wp-json\/wp\/v2\/media?parent=74"}],"wp:term":[{"taxonomy":"category","embeddable":true,"href":"http:\/\/www.aite-extremadura.org\/blog\/wp-json\/wp\/v2\/categories?post=74"},{"taxonomy":"post_tag","embeddable":true,"href":"http:\/\/www.aite-extremadura.org\/blog\/wp-json\/wp\/v2\/tags?post=74"}],"curies":[{"name":"wp","href":"https:\/\/api.w.org\/{rel}","templated":true}]}}