{"id":72,"date":"2011-04-14T10:21:00","date_gmt":"2011-04-14T10:21:00","guid":{"rendered":"http:\/\/www.aite-extremadura.org\/blog\/?p=72"},"modified":"2018-05-09T23:39:10","modified_gmt":"2018-05-09T22:39:10","slug":"guia-de-recursos-para-intervencion-en-autismo-planeta-visual","status":"publish","type":"post","link":"http:\/\/www.aite-extremadura.org\/blog\/guia-de-recursos-para-intervencion-en-autismo-planeta-visual\/","title":{"rendered":"Gu\u00eda de recursos para intervenci\u00f3n en autismo. PLANETA VISUAL"},"content":{"rendered":"<div style=\"clear: both; text-align: left;\">Esta p\u00e1gina que os dejamos tiene muchas posibilidades para aquellos que tenemos que intervenir con ni\u00f1os con trastorno del espectro autista. La a\u00f1adimos a las&nbsp;favoritas y os dejamos aqu\u00ed el enlace. <\/div>\n<div style=\"clear: both; text-align: left;\"><a href=\"http:\/\/www.catedu.es\/planetaVisual\/planeta_visual.html\">PLANETA VISUAL<\/a><\/div>\n<div style=\"clear: both; text-align: left;\"><\/div>\n<div style=\"clear: both; text-align: left;\">INFORMACI\u00d3N:<\/div>\n<div style=\"clear: both; text-align: left;\">\u00abPlaneta Visual\u00bb pretende ser un recurso de apoyo en la planificaci\u00f3n de la intervenci\u00f3n educativa en autismo. Su punto de partida son las dimensiones establecidas en el Inventario de Espectro Autista (Rivi\u00e8re, 1997), definiendo para cada una de las dimensiones y niveles los siguientes elementos:<\/div>\n<p>\u2022Objetivos de intervenci\u00f3n prioritarios.<br \/>\u2022Estrategias metodol\u00f3gicas b\u00e1sicas, con su referente bibliogr\u00e1fico.<br \/>\u2022Recursos para la intervenci\u00f3n:<br \/>\u2022Descargables de elaboraci\u00f3n propia: fotos, archivos word, power point, videos&#8230;<br \/>\u2022Materiales comerciales que contribuyen al desarrollo de las capacidades.<br \/>\u2022Recursos bibliogr\u00e1ficos relacionados.<\/p>\n<p>La estructura del recurso es sencilla y muy visual, con el objetivo fundamental de localizar la informaci\u00f3n necesaria de forma r\u00e1pida.<\/p>\n<div style=\"text-align: center;\"><a href=\"http:\/\/www.catedu.es\/planetaVisual\/planeta_visual.html\"><img loading=\"lazy\" decoding=\"async\" border=\"0\" height=\"96\" i8=\"true\" src=\"http:\/\/www.aite-extremadura.org\/blog\/wp-content\/uploads\/2011\/04\/cabecera-300x90.gif\" width=\"320\" \/><\/a><\/div>\n","protected":false},"excerpt":{"rendered":"<p>Esta p\u00e1gina que os dejamos tiene muchas posibilidades para aquellos que tenemos que intervenir con ni\u00f1os con trastorno del espectro autista. La a\u00f1adimos a las&nbsp;favoritas y os dejamos aqu\u00ed el enlace. PLANETA VISUAL INFORMACI\u00d3N: \u00abPlaneta Visual\u00bb pretende ser un recurso de apoyo en la planificaci\u00f3n de la intervenci\u00f3n educativa en autismo. Su punto de partida [&hellip;]<\/p>\n","protected":false},"author":1,"featured_media":266,"comment_status":"closed","ping_status":"open","sticky":false,"template":"","format":"standard","meta":{"_monsterinsights_skip_tracking":false,"_monsterinsights_sitenote_active":false,"_monsterinsights_sitenote_note":"","_monsterinsights_sitenote_category":0,"footnotes":""},"categories":[9],"tags":[],"class_list":["post-72","post","type-post","status-publish","format-standard","has-post-thumbnail","hentry","category-paginas-de-interes"],"_links":{"self":[{"href":"http:\/\/www.aite-extremadura.org\/blog\/wp-json\/wp\/v2\/posts\/72","targetHints":{"allow":["GET"]}}],"collection":[{"href":"http:\/\/www.aite-extremadura.org\/blog\/wp-json\/wp\/v2\/posts"}],"about":[{"href":"http:\/\/www.aite-extremadura.org\/blog\/wp-json\/wp\/v2\/types\/post"}],"author":[{"embeddable":true,"href":"http:\/\/www.aite-extremadura.org\/blog\/wp-json\/wp\/v2\/users\/1"}],"replies":[{"embeddable":true,"href":"http:\/\/www.aite-extremadura.org\/blog\/wp-json\/wp\/v2\/comments?post=72"}],"version-history":[{"count":1,"href":"http:\/\/www.aite-extremadura.org\/blog\/wp-json\/wp\/v2\/posts\/72\/revisions"}],"predecessor-version":[{"id":471,"href":"http:\/\/www.aite-extremadura.org\/blog\/wp-json\/wp\/v2\/posts\/72\/revisions\/471"}],"wp:featuredmedia":[{"embeddable":true,"href":"http:\/\/www.aite-extremadura.org\/blog\/wp-json\/wp\/v2\/media\/266"}],"wp:attachment":[{"href":"http:\/\/www.aite-extremadura.org\/blog\/wp-json\/wp\/v2\/media?parent=72"}],"wp:term":[{"taxonomy":"category","embeddable":true,"href":"http:\/\/www.aite-extremadura.org\/blog\/wp-json\/wp\/v2\/categories?post=72"},{"taxonomy":"post_tag","embeddable":true,"href":"http:\/\/www.aite-extremadura.org\/blog\/wp-json\/wp\/v2\/tags?post=72"}],"curies":[{"name":"wp","href":"https:\/\/api.w.org\/{rel}","templated":true}]}}