{"id":7,"date":"2012-09-04T09:37:00","date_gmt":"2012-09-04T09:37:00","guid":{"rendered":"http:\/\/www.aite-extremadura.org\/blog\/?p=7"},"modified":"2018-05-09T23:39:08","modified_gmt":"2018-05-09T22:39:08","slug":"curso-sobre-introduccion-a-la-integracion-sensorial","status":"publish","type":"post","link":"http:\/\/www.aite-extremadura.org\/blog\/curso-sobre-introduccion-a-la-integracion-sensorial\/","title":{"rendered":"Curso sobre introducci\u00f3n a la Integraci\u00f3n Sensorial"},"content":{"rendered":"<div style=\"clear: both; text-align: left;\">El Colegio Oficial de Terapeutas Ocupacionales de Extremadura organiza un Curso de Introducci\u00f3n a la Integraci\u00f3n Sensorial en C\u00e1ceres del d\u00eda 26 al 28 de Octubre.<\/div>\n<div style=\"clear: both; text-align: left;\">Ten\u00e9is toda la informaci\u00f3n en este <a href=\"http:\/\/aexto.blogspot.com.es\/2012\/08\/curso-en-caceres-introduccion-la.html\">ENLACE<\/a><\/div>\n<div style=\"clear: both; text-align: center;\"><\/div>\n<div style=\"clear: both; text-align: center;\"><a href=\"http:\/\/www.aite-extremadura.org\/blog\/wp-content\/uploads\/2012\/09\/Imagen-IS-2012.png\" style=\"margin-left: 1em; margin-right: 1em;\"><img loading=\"lazy\" decoding=\"async\" border=\"0\" height=\"320\" src=\"http:\/\/www.aite-extremadura.org\/blog\/wp-content\/uploads\/2012\/09\/Imagen-IS-2012-210x300.png\" width=\"223\" \/><\/a><\/div>\n<p><\/p>\n","protected":false},"excerpt":{"rendered":"<p>El Colegio Oficial de Terapeutas Ocupacionales de Extremadura organiza un Curso de Introducci\u00f3n a la Integraci\u00f3n Sensorial en C\u00e1ceres del d\u00eda 26 al 28 de Octubre. Ten\u00e9is toda la informaci\u00f3n en este ENLACE<\/p>\n","protected":false},"author":1,"featured_media":197,"comment_status":"closed","ping_status":"open","sticky":false,"template":"","format":"standard","meta":{"_monsterinsights_skip_tracking":false,"_monsterinsights_sitenote_active":false,"_monsterinsights_sitenote_note":"","_monsterinsights_sitenote_category":0,"footnotes":""},"categories":[3],"tags":[],"class_list":["post-7","post","type-post","status-publish","format-standard","has-post-thumbnail","hentry","category-cursos"],"_links":{"self":[{"href":"http:\/\/www.aite-extremadura.org\/blog\/wp-json\/wp\/v2\/posts\/7","targetHints":{"allow":["GET"]}}],"collection":[{"href":"http:\/\/www.aite-extremadura.org\/blog\/wp-json\/wp\/v2\/posts"}],"about":[{"href":"http:\/\/www.aite-extremadura.org\/blog\/wp-json\/wp\/v2\/types\/post"}],"author":[{"embeddable":true,"href":"http:\/\/www.aite-extremadura.org\/blog\/wp-json\/wp\/v2\/users\/1"}],"replies":[{"embeddable":true,"href":"http:\/\/www.aite-extremadura.org\/blog\/wp-json\/wp\/v2\/comments?post=7"}],"version-history":[{"count":1,"href":"http:\/\/www.aite-extremadura.org\/blog\/wp-json\/wp\/v2\/posts\/7\/revisions"}],"predecessor-version":[{"id":413,"href":"http:\/\/www.aite-extremadura.org\/blog\/wp-json\/wp\/v2\/posts\/7\/revisions\/413"}],"wp:featuredmedia":[{"embeddable":true,"href":"http:\/\/www.aite-extremadura.org\/blog\/wp-json\/wp\/v2\/media\/197"}],"wp:attachment":[{"href":"http:\/\/www.aite-extremadura.org\/blog\/wp-json\/wp\/v2\/media?parent=7"}],"wp:term":[{"taxonomy":"category","embeddable":true,"href":"http:\/\/www.aite-extremadura.org\/blog\/wp-json\/wp\/v2\/categories?post=7"},{"taxonomy":"post_tag","embeddable":true,"href":"http:\/\/www.aite-extremadura.org\/blog\/wp-json\/wp\/v2\/tags?post=7"}],"curies":[{"name":"wp","href":"https:\/\/api.w.org\/{rel}","templated":true}]}}