{"id":69,"date":"2011-05-09T07:23:00","date_gmt":"2011-05-09T07:23:00","guid":{"rendered":"http:\/\/www.aite-extremadura.org\/blog\/?p=69"},"modified":"2018-05-09T23:39:10","modified_gmt":"2018-05-09T22:39:10","slug":"nace-afatel","status":"publish","type":"post","link":"http:\/\/www.aite-extremadura.org\/blog\/nace-afatel\/","title":{"rendered":"Nace AFATEL"},"content":{"rendered":"<p>AFATEL-EXTREMADURA (Asociaci\u00f3n de Familias y Amigos de personas con Trastornos Espec\u00edficos del Lenguaje de Extremadura) se present\u00f3 el pasado viernes 6 de Mayo en la sede de COCEMFE. <br \/>Esta Asociaci\u00f3n nace con el objetivo principal de impulsar el desarrollo integral de personas con Trastornos Espec\u00edficos del Lenguaje. <br \/>Desde aqu\u00ed, nuestra enhorabuena y nuestro apoyo. <br \/>Pod\u00e9is encontrar m\u00e1s informaci\u00f3n en el <a href=\"http:\/\/telenextremadura.blogspot.com\/\">BLOG DE TRASTORNO ESPEC\u00cdFICO DEL LENGUAJE EN EXTREMADURA<\/a> o solicitarla en el correo <a href=\"mailto:disfasiaextremadura@gmail.com\">disfasiaextremadura@gmail.com<\/a> <\/p>\n<div style=\"clear: both; text-align: center;\"><a href=\"http:\/\/www.aite-extremadura.org\/blog\/wp-content\/uploads\/2011\/05\/noticia_8846m.jpg\" style=\"margin-left: 1em; margin-right: 1em;\"><img decoding=\"async\" border=\"0\" j8=\"true\" src=\"http:\/\/www.aite-extremadura.org\/blog\/wp-content\/uploads\/2011\/05\/noticia_8846m.jpg\" \/><\/a><\/div>\n","protected":false},"excerpt":{"rendered":"<p>AFATEL-EXTREMADURA (Asociaci\u00f3n de Familias y Amigos de personas con Trastornos Espec\u00edficos del Lenguaje de Extremadura) se present\u00f3 el pasado viernes 6 de Mayo en la sede de COCEMFE. Esta Asociaci\u00f3n nace con el objetivo principal de impulsar el desarrollo integral de personas con Trastornos Espec\u00edficos del Lenguaje. Desde aqu\u00ed, nuestra enhorabuena y nuestro apoyo. Pod\u00e9is [&hellip;]<\/p>\n","protected":false},"author":1,"featured_media":263,"comment_status":"closed","ping_status":"open","sticky":false,"template":"","format":"standard","meta":{"_monsterinsights_skip_tracking":false,"_monsterinsights_sitenote_active":false,"_monsterinsights_sitenote_note":"","_monsterinsights_sitenote_category":0,"footnotes":""},"categories":[7],"tags":[],"class_list":["post-69","post","type-post","status-publish","format-standard","has-post-thumbnail","hentry","category-noticias"],"_links":{"self":[{"href":"http:\/\/www.aite-extremadura.org\/blog\/wp-json\/wp\/v2\/posts\/69","targetHints":{"allow":["GET"]}}],"collection":[{"href":"http:\/\/www.aite-extremadura.org\/blog\/wp-json\/wp\/v2\/posts"}],"about":[{"href":"http:\/\/www.aite-extremadura.org\/blog\/wp-json\/wp\/v2\/types\/post"}],"author":[{"embeddable":true,"href":"http:\/\/www.aite-extremadura.org\/blog\/wp-json\/wp\/v2\/users\/1"}],"replies":[{"embeddable":true,"href":"http:\/\/www.aite-extremadura.org\/blog\/wp-json\/wp\/v2\/comments?post=69"}],"version-history":[{"count":1,"href":"http:\/\/www.aite-extremadura.org\/blog\/wp-json\/wp\/v2\/posts\/69\/revisions"}],"predecessor-version":[{"id":468,"href":"http:\/\/www.aite-extremadura.org\/blog\/wp-json\/wp\/v2\/posts\/69\/revisions\/468"}],"wp:featuredmedia":[{"embeddable":true,"href":"http:\/\/www.aite-extremadura.org\/blog\/wp-json\/wp\/v2\/media\/263"}],"wp:attachment":[{"href":"http:\/\/www.aite-extremadura.org\/blog\/wp-json\/wp\/v2\/media?parent=69"}],"wp:term":[{"taxonomy":"category","embeddable":true,"href":"http:\/\/www.aite-extremadura.org\/blog\/wp-json\/wp\/v2\/categories?post=69"},{"taxonomy":"post_tag","embeddable":true,"href":"http:\/\/www.aite-extremadura.org\/blog\/wp-json\/wp\/v2\/tags?post=69"}],"curies":[{"name":"wp","href":"https:\/\/api.w.org\/{rel}","templated":true}]}}