{"id":67,"date":"2011-06-01T09:38:00","date_gmt":"2011-06-01T09:38:00","guid":{"rendered":"http:\/\/www.aite-extremadura.org\/blog\/?p=67"},"modified":"2018-05-09T23:39:10","modified_gmt":"2018-05-09T22:39:10","slug":"curso-en-la-universidad-del-mar","status":"publish","type":"post","link":"http:\/\/www.aite-extremadura.org\/blog\/curso-en-la-universidad-del-mar\/","title":{"rendered":"Curso en la Universidad del Mar"},"content":{"rendered":"<p>La Universidad Internacional&nbsp;del Mar&nbsp;oferta un curso de <em>Evaluaci\u00f3n y Diagn\u00f3stico en Atenci\u00f3n Temprana<\/em> del 18 al 22 de Julio de 2011. <br \/>La sede es en Lorca en el Campus Universitario (Sal\u00f3n de Actos).<\/p>\n<p><\/p>\n<div style=\"clear: both; text-align: center;\"><a href=\"http:\/\/www.aite-extremadura.org\/blog\/wp-content\/uploads\/2011\/06\/untitled.jpg\" style=\"margin-left: 1em; margin-right: 1em;\"><img decoding=\"async\" border=\"0\" src=\"http:\/\/www.aite-extremadura.org\/blog\/wp-content\/uploads\/2011\/06\/untitled.jpg\" t8=\"true\" \/><\/a><\/div>\n<div style=\"clear: both; text-align: center;\"><\/div>\n<p>Os dejamos el enlace a la p\u00e1gina web donde pod\u00e9is consultar toda la informaci\u00f3n relativa al curso y descargaros la ficha de inscripci\u00f3n. <\/p>\n<p><a href=\"http:\/\/www.um.es\/unimar\/ficha-curso.php?estado=V&amp;cc=50852\">ENLACE CURSO<\/a><\/p>\n<p>Esperamos que sea de vuestro inter\u00e9s.<\/p>\n","protected":false},"excerpt":{"rendered":"<p>La Universidad Internacional&nbsp;del Mar&nbsp;oferta un curso de Evaluaci\u00f3n y Diagn\u00f3stico en Atenci\u00f3n Temprana del 18 al 22 de Julio de 2011. La sede es en Lorca en el Campus Universitario (Sal\u00f3n de Actos). Os dejamos el enlace a la p\u00e1gina web donde pod\u00e9is consultar toda la informaci\u00f3n relativa al curso y descargaros la ficha de [&hellip;]<\/p>\n","protected":false},"author":1,"featured_media":261,"comment_status":"closed","ping_status":"open","sticky":false,"template":"","format":"standard","meta":{"_monsterinsights_skip_tracking":false,"_monsterinsights_sitenote_active":false,"_monsterinsights_sitenote_note":"","_monsterinsights_sitenote_category":0,"footnotes":""},"categories":[3],"tags":[],"class_list":["post-67","post","type-post","status-publish","format-standard","has-post-thumbnail","hentry","category-cursos"],"_links":{"self":[{"href":"http:\/\/www.aite-extremadura.org\/blog\/wp-json\/wp\/v2\/posts\/67","targetHints":{"allow":["GET"]}}],"collection":[{"href":"http:\/\/www.aite-extremadura.org\/blog\/wp-json\/wp\/v2\/posts"}],"about":[{"href":"http:\/\/www.aite-extremadura.org\/blog\/wp-json\/wp\/v2\/types\/post"}],"author":[{"embeddable":true,"href":"http:\/\/www.aite-extremadura.org\/blog\/wp-json\/wp\/v2\/users\/1"}],"replies":[{"embeddable":true,"href":"http:\/\/www.aite-extremadura.org\/blog\/wp-json\/wp\/v2\/comments?post=67"}],"version-history":[{"count":1,"href":"http:\/\/www.aite-extremadura.org\/blog\/wp-json\/wp\/v2\/posts\/67\/revisions"}],"predecessor-version":[{"id":466,"href":"http:\/\/www.aite-extremadura.org\/blog\/wp-json\/wp\/v2\/posts\/67\/revisions\/466"}],"wp:featuredmedia":[{"embeddable":true,"href":"http:\/\/www.aite-extremadura.org\/blog\/wp-json\/wp\/v2\/media\/261"}],"wp:attachment":[{"href":"http:\/\/www.aite-extremadura.org\/blog\/wp-json\/wp\/v2\/media?parent=67"}],"wp:term":[{"taxonomy":"category","embeddable":true,"href":"http:\/\/www.aite-extremadura.org\/blog\/wp-json\/wp\/v2\/categories?post=67"},{"taxonomy":"post_tag","embeddable":true,"href":"http:\/\/www.aite-extremadura.org\/blog\/wp-json\/wp\/v2\/tags?post=67"}],"curies":[{"name":"wp","href":"https:\/\/api.w.org\/{rel}","templated":true}]}}