{"id":66,"date":"2011-06-14T11:05:00","date_gmt":"2011-06-14T11:05:00","guid":{"rendered":"http:\/\/www.aite-extremadura.org\/blog\/?p=66"},"modified":"2018-05-09T23:39:10","modified_gmt":"2018-05-09T22:39:10","slug":"downtown","status":"publish","type":"post","link":"http:\/\/www.aite-extremadura.org\/blog\/downtown\/","title":{"rendered":"Downtown"},"content":{"rendered":"<div style=\"text-align: justify;\"><span style=\"font-family: inherit;\">Dos autores espa\u00f1oles acaban de lanzar el primer comic sobre sindrome de Down. El ilustrador Rodrigo Garc\u00eda Llorca y el guionista No\u00ebl Lang Agull\u00f3 han lanzado este comic cuyo protagonista Blo, est\u00e1 inspirado en un familiar de ambos, y que tiene Sindrome de Down. Blo siempre lleva consigo un disco de Petula Clark de la colecci\u00f3n de su padre, y nunca se separa de \u00e9l, de ah\u00ed el t\u00edtulo de Downtown.<\/span><\/div>\n<div style=\"text-align: justify;\"><span style=\"font-family: inherit;\">En la web oficial del comic se podr\u00e1n leer semanalmente las nuevas aventuras de Blo y de sus amigos, as\u00ed como en la&nbsp;<a href=\"http:\/\/www.facebook.com\/downtowncomic?ref=ts\">p\u00e1gina de Facebook<\/a>.<\/span><\/div>\n<div style=\"text-align: justify;\"><span style=\"font-family: inherit;\">Con esta iniciativa los autores pretenden usar el comic y tambi\u00e9n internet, como una v\u00eda de integraci\u00f3n m\u00e1s para las personas con sindrome de down.<\/span><\/div>\n<div style=\"font-family: 'Lucida Grande', Verdana, Arial, sans-serif; text-align: justify;\"><span style=\"font-size: x-small;\"><br \/><\/span><\/div>\n<div style=\"clear: both; text-align: center;\"><a href=\"http:\/\/www.aite-extremadura.org\/blog\/wp-content\/uploads\/2011\/06\/comic-blog2.jpg\" style=\"margin-left: 1em; margin-right: 1em;\"><img decoding=\"async\" border=\"0\" src=\"http:\/\/www.aite-extremadura.org\/blog\/wp-content\/uploads\/2011\/06\/comic-blog2.jpg\" \/><\/a><\/div>\n<div style=\"font-family: 'Lucida Grande', Verdana, Arial, sans-serif; text-align: justify;\"><span style=\"font-size: x-small;\"><br \/><\/span><\/div>\n","protected":false},"excerpt":{"rendered":"<p>Dos autores espa\u00f1oles acaban de lanzar el primer comic sobre sindrome de Down. El ilustrador Rodrigo Garc\u00eda Llorca y el guionista No\u00ebl Lang Agull\u00f3 han lanzado este comic cuyo protagonista Blo, est\u00e1 inspirado en un familiar de ambos, y que tiene Sindrome de Down. Blo siempre lleva consigo un disco de Petula Clark de la [&hellip;]<\/p>\n","protected":false},"author":1,"featured_media":260,"comment_status":"closed","ping_status":"open","sticky":false,"template":"","format":"standard","meta":{"_monsterinsights_skip_tracking":false,"_monsterinsights_sitenote_active":false,"_monsterinsights_sitenote_note":"","_monsterinsights_sitenote_category":0,"footnotes":""},"categories":[9],"tags":[],"class_list":["post-66","post","type-post","status-publish","format-standard","has-post-thumbnail","hentry","category-paginas-de-interes"],"_links":{"self":[{"href":"http:\/\/www.aite-extremadura.org\/blog\/wp-json\/wp\/v2\/posts\/66","targetHints":{"allow":["GET"]}}],"collection":[{"href":"http:\/\/www.aite-extremadura.org\/blog\/wp-json\/wp\/v2\/posts"}],"about":[{"href":"http:\/\/www.aite-extremadura.org\/blog\/wp-json\/wp\/v2\/types\/post"}],"author":[{"embeddable":true,"href":"http:\/\/www.aite-extremadura.org\/blog\/wp-json\/wp\/v2\/users\/1"}],"replies":[{"embeddable":true,"href":"http:\/\/www.aite-extremadura.org\/blog\/wp-json\/wp\/v2\/comments?post=66"}],"version-history":[{"count":1,"href":"http:\/\/www.aite-extremadura.org\/blog\/wp-json\/wp\/v2\/posts\/66\/revisions"}],"predecessor-version":[{"id":465,"href":"http:\/\/www.aite-extremadura.org\/blog\/wp-json\/wp\/v2\/posts\/66\/revisions\/465"}],"wp:featuredmedia":[{"embeddable":true,"href":"http:\/\/www.aite-extremadura.org\/blog\/wp-json\/wp\/v2\/media\/260"}],"wp:attachment":[{"href":"http:\/\/www.aite-extremadura.org\/blog\/wp-json\/wp\/v2\/media?parent=66"}],"wp:term":[{"taxonomy":"category","embeddable":true,"href":"http:\/\/www.aite-extremadura.org\/blog\/wp-json\/wp\/v2\/categories?post=66"},{"taxonomy":"post_tag","embeddable":true,"href":"http:\/\/www.aite-extremadura.org\/blog\/wp-json\/wp\/v2\/tags?post=66"}],"curies":[{"name":"wp","href":"https:\/\/api.w.org\/{rel}","templated":true}]}}