{"id":65,"date":"2011-06-15T17:36:00","date_gmt":"2011-06-15T17:36:00","guid":{"rendered":"http:\/\/www.aite-extremadura.org\/blog\/?p=65"},"modified":"2018-05-09T23:39:10","modified_gmt":"2018-05-09T22:39:10","slug":"apnaba-impulsa-el-proyecto-cuentos-para-aprendices-visuales","status":"publish","type":"post","link":"http:\/\/www.aite-extremadura.org\/blog\/apnaba-impulsa-el-proyecto-cuentos-para-aprendices-visuales\/","title":{"rendered":"APNABA impulsa el proyecto \u00abCuentos para Aprendices Visuales\u00bb"},"content":{"rendered":"<p><span style=\"font-family: Arial, Helvetica, sans-serif; font-size: 13px; line-height: 17px;\"><\/span><\/p>\n<div style=\"background-attachment: initial; background-clip: initial; background-color: transparent; background-image: initial; background-origin: initial; background-position: initial initial; background-repeat: initial initial; border-bottom-width: 0px; border-color: initial; border-left-width: 0px; border-right-width: 0px; border-style: initial; border-top-width: 0px; font-size: 13px; margin-bottom: 0px; margin-left: 0px; margin-right: 0px; margin-top: 0px; outline-color: initial; outline-style: initial; outline-width: 0px; padding-bottom: 10px; padding-left: 0px; padding-right: 0px; padding-top: 0px; text-align: justify; vertical-align: baseline;\"><em style=\"background-attachment: initial; background-clip: initial; background-color: transparent; background-image: initial; background-origin: initial; background-position: initial initial; background-repeat: initial initial; border-bottom-width: 0px; border-color: initial; border-left-width: 0px; border-right-width: 0px; border-style: initial; border-top-width: 0px; font-size: 13px; margin-bottom: 0px; margin-left: 0px; margin-right: 0px; margin-top: 0px; outline-color: initial; outline-style: initial; outline-width: 0px; padding-bottom: 0px; padding-left: 0px; padding-right: 0px; padding-top: 0px; vertical-align: baseline;\">El proyecto \u201c<strong style=\"background-attachment: initial; background-clip: initial; background-color: transparent; background-image: initial; background-origin: initial; background-position: initial initial; background-repeat: initial initial; border-bottom-width: 0px; border-color: initial; border-left-width: 0px; border-right-width: 0px; border-style: initial; border-top-width: 0px; font-size: 13px; margin-bottom: 0px; margin-left: 0px; margin-right: 0px; margin-top: 0px; outline-color: initial; outline-style: initial; outline-width: 0px; padding-bottom: 0px; padding-left: 0px; padding-right: 0px; padding-top: 0px; vertical-align: baseline;\">Cuentos para Aprendices Visuales<\/strong>\u201d cuenta con el apoyo y la colaboraci\u00f3n de la \u201c<strong style=\"background-attachment: initial; background-clip: initial; background-color: transparent; background-image: initial; background-origin: initial; background-position: initial initial; background-repeat: initial initial; border-bottom-width: 0px; border-color: initial; border-left-width: 0px; border-right-width: 0px; border-style: initial; border-top-width: 0px; font-size: 13px; margin-bottom: 0px; margin-left: 0px; margin-right: 0px; margin-top: 0px; outline-color: initial; outline-style: initial; outline-width: 0px; padding-bottom: 0px; padding-left: 0px; padding-right: 0px; padding-top: 0px; vertical-align: baseline;\">Asociaci\u00f3n de Padres de Ni\u00f1os con Autismo de Badajoz<\/strong>\u201d, APNABA. A trav\u00e9s de un convenio de colaboraci\u00f3n, ambos colectivos han unido sus fuerzas para desarrollar el proyecto.<\/em><\/div>\n<div style=\"background-attachment: initial; background-clip: initial; background-color: transparent; background-image: initial; background-origin: initial; background-position: initial initial; background-repeat: initial initial; border-bottom-width: 0px; border-color: initial; border-left-width: 0px; border-right-width: 0px; border-style: initial; border-top-width: 0px; font-size: 13px; margin-bottom: 0px; margin-left: 0px; margin-right: 0px; margin-top: 0px; outline-color: initial; outline-style: initial; outline-width: 0px; padding-bottom: 10px; padding-left: 0px; padding-right: 0px; padding-top: 0px; text-align: justify; vertical-align: baseline;\">Es un proyecto sin \u00e1nimo de lucro basado en la creaci\u00f3n de cuentos adaptados a pictogramas, im\u00e1genes que representan las palabras y una de las herramientas actuales de trabajo con ni\u00f1os con dificultades de aprendizaje. Los cuentos est\u00e1n especialmente dirigidos a ni\u00f1os con autismo, pero pueden usarse con cualquier otra dificultad de aprendizaje como S\u00edndrome de Down o par\u00e1lisis cerebral, ya que las im\u00e1genes son un refuerzo a lo auditivo.<\/div>\n<div style=\"background-attachment: initial; background-clip: initial; background-color: transparent; background-image: initial; background-origin: initial; background-position: initial initial; background-repeat: initial initial; border-bottom-width: 0px; border-color: initial; border-left-width: 0px; border-right-width: 0px; border-style: initial; border-top-width: 0px; font-size: 13px; margin-bottom: 0px; margin-left: 0px; margin-right: 0px; margin-top: 0px; outline-color: initial; outline-style: initial; outline-width: 0px; padding-bottom: 10px; padding-left: 0px; padding-right: 0px; padding-top: 0px; text-align: justify; vertical-align: baseline;\">El objetivo de \u201cAprendices Visuales\u201d es distribuir miles de ejemplares gratuitos entre asociaciones y familias que los necesiten, y para ello, est\u00e1 buscando el patrocinio de colaboradores que lo hagan posible.<\/div>\n<div style=\"background-attachment: initial; background-clip: initial; background-color: transparent; background-image: initial; background-origin: initial; background-position: initial initial; background-repeat: initial initial; border-bottom-width: 0px; border-color: initial; border-left-width: 0px; border-right-width: 0px; border-style: initial; border-top-width: 0px; font-size: 13px; margin-bottom: 0px; margin-left: 0px; margin-right: 0px; margin-top: 0px; outline-color: initial; outline-style: initial; outline-width: 0px; padding-bottom: 10px; padding-left: 0px; padding-right: 0px; padding-top: 0px; text-align: justify; vertical-align: baseline;\">\u201cAPNABA Badajoz\u201d aporta la experiencia de profesionales con un amplio recorrido en el campo del autismo, colaborando en la revisi\u00f3n del contenido de los cuentos. El proyecto se distribuye bajo licencia Creative Commons, la cual permite la copia y distribuci\u00f3n libre del material.<\/div>\n<div style=\"background-attachment: initial; background-clip: initial; background-color: transparent; background-image: initial; background-origin: initial; background-position: initial initial; background-repeat: initial initial; border-bottom-width: 0px; border-color: initial; border-left-width: 0px; border-right-width: 0px; border-style: initial; border-top-width: 0px; font-size: 13px; margin-bottom: 0px; margin-left: 0px; margin-right: 0px; margin-top: 0px; outline-color: initial; outline-style: initial; outline-width: 0px; padding-bottom: 10px; padding-left: 0px; padding-right: 0px; padding-top: 0px; text-align: justify; vertical-align: baseline;\">A trav\u00e9s de su<a href=\"http:\/\/www.blogger.com\/goog_1058273557\">&nbsp;<\/a><strong style=\"background-attachment: initial; background-clip: initial; background-color: transparent; background-image: initial; background-origin: initial; background-position: initial initial; background-repeat: initial initial; border-bottom-width: 0px; border-color: initial; border-left-width: 0px; border-right-width: 0px; border-style: initial; border-top-width: 0px; font-size: 13px; margin-bottom: 0px; margin-left: 0px; margin-right: 0px; margin-top: 0px; outline-color: initial; outline-style: initial; outline-width: 0px; padding-bottom: 0px; padding-left: 0px; padding-right: 0px; padding-top: 0px; vertical-align: baseline;\"><span style=\"color: #121864;\"><span style=\"background-attachment: initial; background-clip: initial; background-color: transparent; background-image: initial; background-origin: initial; border-color: initial; border-style: initial; outline-color: initial; outline-style: initial;\"><a href=\"http:\/\/aprendicesvisuales.blogspot.com\/\">p\u00e1gina web<\/a><\/span><\/span><a href=\"http:\/\/aprendicesvisuales.blogspot.com\/\" target=\"_blank\"><span style=\"color: #121864;\"><span style=\"background-attachment: initial; background-clip: initial; background-color: transparent; background-image: initial; background-origin: initial; border-color: initial; border-style: initial; outline-color: initial; outline-style: initial;\">&nbsp;<\/span><\/span><\/a><\/strong>puedes seguir el desarrollo de los cuentos y los avances del proyecto.<\/div>\n<div style=\"background-attachment: initial; background-clip: initial; background-color: transparent; background-image: initial; background-origin: initial; background-position: initial initial; background-repeat: initial initial; border-bottom-width: 0px; border-color: initial; border-left-width: 0px; border-right-width: 0px; border-style: initial; border-top-width: 0px; font-size: 13px; margin-bottom: 0px; margin-left: 0px; margin-right: 0px; margin-top: 0px; outline-color: initial; outline-style: initial; outline-width: 0px; padding-bottom: 10px; padding-left: 0px; padding-right: 0px; padding-top: 0px; text-align: justify; vertical-align: baseline;\"><\/div>\n<div style=\"clear: both; text-align: center;\"><a href=\"http:\/\/www.aite-extremadura.org\/blog\/wp-content\/uploads\/2011\/06\/01_Imagen-600.jpg\" style=\"margin-left: 1em; margin-right: 1em;\"><img loading=\"lazy\" decoding=\"async\" border=\"0\" height=\"112\" src=\"http:\/\/www.aite-extremadura.org\/blog\/wp-content\/uploads\/2011\/06\/01_Imagen-600-300x85.jpg\" width=\"400\" \/><\/a><\/div>\n<div style=\"background-attachment: initial; background-clip: initial; background-color: transparent; background-image: initial; background-origin: initial; background-position: initial initial; background-repeat: initial initial; border-bottom-width: 0px; border-color: initial; border-left-width: 0px; border-right-width: 0px; border-style: initial; border-top-width: 0px; font-size: 13px; margin-bottom: 0px; margin-left: 0px; margin-right: 0px; margin-top: 0px; outline-color: initial; outline-style: initial; outline-width: 0px; padding-bottom: 10px; padding-left: 0px; padding-right: 0px; padding-top: 0px; text-align: justify; vertical-align: baseline;\"><\/div>\n<div style=\"background-attachment: initial; background-clip: initial; background-color: transparent; background-image: initial; background-origin: initial; background-position: initial initial; background-repeat: initial initial; border-bottom-width: 0px; border-color: initial; border-left-width: 0px; border-right-width: 0px; border-style: initial; border-top-width: 0px; font-size: 13px; margin-bottom: 0px; margin-left: 0px; margin-right: 0px; margin-top: 0px; outline-color: initial; outline-style: initial; outline-width: 0px; padding-bottom: 10px; padding-left: 0px; padding-right: 0px; padding-top: 0px; text-align: justify; vertical-align: baseline;\"><\/div>\n<div style=\"background-attachment: initial; background-clip: initial; background-color: transparent; background-image: initial; background-origin: initial; background-position: initial initial; background-repeat: initial initial; border-bottom-width: 0px; border-color: initial; border-left-width: 0px; border-right-width: 0px; border-style: initial; border-top-width: 0px; font-size: 13px; margin-bottom: 0px; margin-left: 0px; margin-right: 0px; margin-top: 0px; outline-color: initial; outline-style: initial; outline-width: 0px; padding-bottom: 10px; padding-left: 0px; padding-right: 0px; padding-top: 0px; text-align: justify; vertical-align: baseline;\">Noticia extra\u00edda de<a href=\"http:\/\/autismodiario.org\/2011\/06\/15\/apnaba-impulsa-el-proyecto-%E2%80%9Ccuentos-para-aprendices-visuales%E2%80%9D\/\"> AUTISMODIARIO<\/a><\/div>\n","protected":false},"excerpt":{"rendered":"<p>El proyecto \u201cCuentos para Aprendices Visuales\u201d cuenta con el apoyo y la colaboraci\u00f3n de la \u201cAsociaci\u00f3n de Padres de Ni\u00f1os con Autismo de Badajoz\u201d, APNABA. A trav\u00e9s de un convenio de colaboraci\u00f3n, ambos colectivos han unido sus fuerzas para desarrollar el proyecto. Es un proyecto sin \u00e1nimo de lucro basado en la creaci\u00f3n de cuentos [&hellip;]<\/p>\n","protected":false},"author":1,"featured_media":259,"comment_status":"closed","ping_status":"open","sticky":false,"template":"","format":"standard","meta":{"_monsterinsights_skip_tracking":false,"_monsterinsights_sitenote_active":false,"_monsterinsights_sitenote_note":"","_monsterinsights_sitenote_category":0,"footnotes":""},"categories":[7],"tags":[],"class_list":["post-65","post","type-post","status-publish","format-standard","has-post-thumbnail","hentry","category-noticias"],"_links":{"self":[{"href":"http:\/\/www.aite-extremadura.org\/blog\/wp-json\/wp\/v2\/posts\/65","targetHints":{"allow":["GET"]}}],"collection":[{"href":"http:\/\/www.aite-extremadura.org\/blog\/wp-json\/wp\/v2\/posts"}],"about":[{"href":"http:\/\/www.aite-extremadura.org\/blog\/wp-json\/wp\/v2\/types\/post"}],"author":[{"embeddable":true,"href":"http:\/\/www.aite-extremadura.org\/blog\/wp-json\/wp\/v2\/users\/1"}],"replies":[{"embeddable":true,"href":"http:\/\/www.aite-extremadura.org\/blog\/wp-json\/wp\/v2\/comments?post=65"}],"version-history":[{"count":1,"href":"http:\/\/www.aite-extremadura.org\/blog\/wp-json\/wp\/v2\/posts\/65\/revisions"}],"predecessor-version":[{"id":464,"href":"http:\/\/www.aite-extremadura.org\/blog\/wp-json\/wp\/v2\/posts\/65\/revisions\/464"}],"wp:featuredmedia":[{"embeddable":true,"href":"http:\/\/www.aite-extremadura.org\/blog\/wp-json\/wp\/v2\/media\/259"}],"wp:attachment":[{"href":"http:\/\/www.aite-extremadura.org\/blog\/wp-json\/wp\/v2\/media?parent=65"}],"wp:term":[{"taxonomy":"category","embeddable":true,"href":"http:\/\/www.aite-extremadura.org\/blog\/wp-json\/wp\/v2\/categories?post=65"},{"taxonomy":"post_tag","embeddable":true,"href":"http:\/\/www.aite-extremadura.org\/blog\/wp-json\/wp\/v2\/tags?post=65"}],"curies":[{"name":"wp","href":"https:\/\/api.w.org\/{rel}","templated":true}]}}