{"id":62,"date":"2011-06-24T10:08:00","date_gmt":"2011-06-24T10:08:00","guid":{"rendered":"http:\/\/www.aite-extremadura.org\/blog\/?p=62"},"modified":"2018-05-09T23:39:10","modified_gmt":"2018-05-09T22:39:10","slug":"estrenamos-pagina-de-facebook","status":"publish","type":"post","link":"http:\/\/www.aite-extremadura.org\/blog\/estrenamos-pagina-de-facebook\/","title":{"rendered":"Estrenamos p\u00e1gina de Facebook"},"content":{"rendered":"<div style=\"clear: both; text-align: center;\"><a href=\"http:\/\/www.aite-extremadura.org\/blog\/wp-content\/uploads\/2011\/06\/n5.png\" style=\"margin-left: 1em; margin-right: 1em;\"><img loading=\"lazy\" decoding=\"async\" border=\"0\" height=\"200\" src=\"http:\/\/www.aite-extremadura.org\/blog\/wp-content\/uploads\/2011\/06\/n5-300x300.png\" width=\"200\" \/><\/a><\/div>\n<div style=\"clear: both; text-align: left;\">Hoy estrenamos p\u00e1gina en el Facebook, para todos aquellos que est\u00e1is en la red social y para aquellos que quer\u00e1is empezar. Agradeceremos todos vuestros comentarios y sugerencias y colgaremos tambi\u00e9n lo m\u00e1s destacable del blog.<\/div>\n<div style=\"clear: both; text-align: left;\">Dadnos un poco de tiempo para organizarnos, porque a\u00fan no controlamos mucho el tema, as\u00ed que si veis alg\u00fan fallo nos perdon\u00e1is.&nbsp;<\/div>\n<div style=\"clear: both; text-align: left;\">Aqu\u00ed ten\u00e9is el enlace a la <a href=\"http:\/\/www.facebook.com\/pages\/Asociaci%C3%B3n-de-Intervenci%C3%B3n-Temprana-Extreme%C3%B1a-AITE\/235439983150889?ref=ts\">P\u00c1GINA DEL FACEBOOK DE AITE<\/a><\/div>\n<div style=\"clear: both; text-align: left;\"><\/div>\n<div style=\"clear: both; text-align: center;\"><a href=\"http:\/\/www.aite-extremadura.org\/blog\/wp-content\/uploads\/2011\/06\/BEBE_EN_ORDENADOR-cecd4bc650e79e911bba5bf88b420525.gif\" style=\"margin-left: 1em; margin-right: 1em;\"><img decoding=\"async\" border=\"0\" src=\"http:\/\/www.aite-extremadura.org\/blog\/wp-content\/uploads\/2011\/06\/BEBE_EN_ORDENADOR-cecd4bc650e79e911bba5bf88b420525.gif\" \/><\/a><\/div>\n<div style=\"clear: both; text-align: center;\"><\/div>\n<div style=\"clear: both; text-align: center;\"><span style=\"font-size: large;\">ESPERAMOS VUESTROS COMENTARIOS<\/span><\/div>\n","protected":false},"excerpt":{"rendered":"<p>Hoy estrenamos p\u00e1gina en el Facebook, para todos aquellos que est\u00e1is en la red social y para aquellos que quer\u00e1is empezar. Agradeceremos todos vuestros comentarios y sugerencias y colgaremos tambi\u00e9n lo m\u00e1s destacable del blog. Dadnos un poco de tiempo para organizarnos, porque a\u00fan no controlamos mucho el tema, as\u00ed que si veis alg\u00fan fallo [&hellip;]<\/p>\n","protected":false},"author":1,"featured_media":257,"comment_status":"closed","ping_status":"open","sticky":false,"template":"","format":"standard","meta":{"_monsterinsights_skip_tracking":false,"_monsterinsights_sitenote_active":false,"_monsterinsights_sitenote_note":"","_monsterinsights_sitenote_category":0,"footnotes":""},"categories":[7],"tags":[],"class_list":["post-62","post","type-post","status-publish","format-standard","has-post-thumbnail","hentry","category-noticias"],"_links":{"self":[{"href":"http:\/\/www.aite-extremadura.org\/blog\/wp-json\/wp\/v2\/posts\/62","targetHints":{"allow":["GET"]}}],"collection":[{"href":"http:\/\/www.aite-extremadura.org\/blog\/wp-json\/wp\/v2\/posts"}],"about":[{"href":"http:\/\/www.aite-extremadura.org\/blog\/wp-json\/wp\/v2\/types\/post"}],"author":[{"embeddable":true,"href":"http:\/\/www.aite-extremadura.org\/blog\/wp-json\/wp\/v2\/users\/1"}],"replies":[{"embeddable":true,"href":"http:\/\/www.aite-extremadura.org\/blog\/wp-json\/wp\/v2\/comments?post=62"}],"version-history":[{"count":1,"href":"http:\/\/www.aite-extremadura.org\/blog\/wp-json\/wp\/v2\/posts\/62\/revisions"}],"predecessor-version":[{"id":463,"href":"http:\/\/www.aite-extremadura.org\/blog\/wp-json\/wp\/v2\/posts\/62\/revisions\/463"}],"wp:featuredmedia":[{"embeddable":true,"href":"http:\/\/www.aite-extremadura.org\/blog\/wp-json\/wp\/v2\/media\/257"}],"wp:attachment":[{"href":"http:\/\/www.aite-extremadura.org\/blog\/wp-json\/wp\/v2\/media?parent=62"}],"wp:term":[{"taxonomy":"category","embeddable":true,"href":"http:\/\/www.aite-extremadura.org\/blog\/wp-json\/wp\/v2\/categories?post=62"},{"taxonomy":"post_tag","embeddable":true,"href":"http:\/\/www.aite-extremadura.org\/blog\/wp-json\/wp\/v2\/tags?post=62"}],"curies":[{"name":"wp","href":"https:\/\/api.w.org\/{rel}","templated":true}]}}