{"id":61,"date":"2011-06-28T06:47:00","date_gmt":"2011-06-28T06:47:00","guid":{"rendered":"http:\/\/www.aite-extremadura.org\/blog\/?p=61"},"modified":"2018-05-09T23:39:10","modified_gmt":"2018-05-09T22:39:10","slug":"i-congreso-nacional-de-neuropsicologia-infantil","status":"publish","type":"post","link":"http:\/\/www.aite-extremadura.org\/blog\/i-congreso-nacional-de-neuropsicologia-infantil\/","title":{"rendered":"I Congreso Nacional de Neuropsicolog\u00eda Infantil"},"content":{"rendered":"<div style=\"clear: both; text-align: center;\"><a href=\"http:\/\/www.aite-extremadura.org\/blog\/wp-content\/uploads\/2011\/06\/images.jpg\" style=\"margin-left: 1em; margin-right: 1em;\"><img loading=\"lazy\" decoding=\"async\" border=\"0\" height=\"117\" src=\"http:\/\/www.aite-extremadura.org\/blog\/wp-content\/uploads\/2011\/06\/images-300x111.jpg\" width=\"320\" \/><\/a><\/div>\n<p>Os dejamos el enlace a la p\u00e1gina web del I Congreso Nacional de Neuropsicolog\u00eda Infantil que se celebrar\u00e1 en Madrid los d\u00edas 21, 22 y 23 de Octubre.<\/p>\n<p>Aqu\u00ed ten\u00e9is el <a href=\"http:\/\/www.neuropsicologiainfantil.org\/\">ENLACE A LA P\u00c1GINA WEB DEL CONGRESO<\/a><\/p>\n<p>Tambi\u00e9n pod\u00e9is encontrar esta informaci\u00f3n en nuestra <a href=\"http:\/\/www.facebook.com\/pages\/Asociaci%C3%B3n-de-Intervenci%C3%B3n-Temprana-Extreme%C3%B1a-AITE\/235439983150889?ref=ts\">P\u00e1gina de FACEBOOK<\/a><\/p>\n","protected":false},"excerpt":{"rendered":"<p>Os dejamos el enlace a la p\u00e1gina web del I Congreso Nacional de Neuropsicolog\u00eda Infantil que se celebrar\u00e1 en Madrid los d\u00edas 21, 22 y 23 de Octubre. Aqu\u00ed ten\u00e9is el ENLACE A LA P\u00c1GINA WEB DEL CONGRESO Tambi\u00e9n pod\u00e9is encontrar esta informaci\u00f3n en nuestra P\u00e1gina de FACEBOOK<\/p>\n","protected":false},"author":1,"featured_media":256,"comment_status":"closed","ping_status":"open","sticky":false,"template":"","format":"standard","meta":{"_monsterinsights_skip_tracking":false,"_monsterinsights_sitenote_active":false,"_monsterinsights_sitenote_note":"","_monsterinsights_sitenote_category":0,"footnotes":""},"categories":[5],"tags":[],"class_list":["post-61","post","type-post","status-publish","format-standard","has-post-thumbnail","hentry","category-congresos"],"_links":{"self":[{"href":"http:\/\/www.aite-extremadura.org\/blog\/wp-json\/wp\/v2\/posts\/61","targetHints":{"allow":["GET"]}}],"collection":[{"href":"http:\/\/www.aite-extremadura.org\/blog\/wp-json\/wp\/v2\/posts"}],"about":[{"href":"http:\/\/www.aite-extremadura.org\/blog\/wp-json\/wp\/v2\/types\/post"}],"author":[{"embeddable":true,"href":"http:\/\/www.aite-extremadura.org\/blog\/wp-json\/wp\/v2\/users\/1"}],"replies":[{"embeddable":true,"href":"http:\/\/www.aite-extremadura.org\/blog\/wp-json\/wp\/v2\/comments?post=61"}],"version-history":[{"count":1,"href":"http:\/\/www.aite-extremadura.org\/blog\/wp-json\/wp\/v2\/posts\/61\/revisions"}],"predecessor-version":[{"id":462,"href":"http:\/\/www.aite-extremadura.org\/blog\/wp-json\/wp\/v2\/posts\/61\/revisions\/462"}],"wp:featuredmedia":[{"embeddable":true,"href":"http:\/\/www.aite-extremadura.org\/blog\/wp-json\/wp\/v2\/media\/256"}],"wp:attachment":[{"href":"http:\/\/www.aite-extremadura.org\/blog\/wp-json\/wp\/v2\/media?parent=61"}],"wp:term":[{"taxonomy":"category","embeddable":true,"href":"http:\/\/www.aite-extremadura.org\/blog\/wp-json\/wp\/v2\/categories?post=61"},{"taxonomy":"post_tag","embeddable":true,"href":"http:\/\/www.aite-extremadura.org\/blog\/wp-json\/wp\/v2\/tags?post=61"}],"curies":[{"name":"wp","href":"https:\/\/api.w.org\/{rel}","templated":true}]}}