{"id":6,"date":"2012-10-11T20:59:00","date_gmt":"2012-10-11T20:59:00","guid":{"rendered":"http:\/\/www.aite-extremadura.org\/blog\/?p=6"},"modified":"2018-05-09T23:39:08","modified_gmt":"2018-05-09T22:39:08","slug":"academia-de-especialistas","status":"publish","type":"post","link":"http:\/\/www.aite-extremadura.org\/blog\/academia-de-especialistas\/","title":{"rendered":"Academia de Especialistas"},"content":{"rendered":"<p>El conocido dibujante Miguel Gallardo acaba de realizar un nuevo v\u00eddeo sobre autismo con la colaborac\u00ed\u00f3n de la Fundaci\u00f3n Orange. Se llama Academia de especialistas y muestra de forma divertida las habilidades de muchas personas con autismo, como su propia hija, Mar\u00eda.<\/p>\n<div style=\"background-color: white; color: #333333; display: inline; font-family: 'lucida grande', tahoma, verdana, arial, sans-serif; font-size: 13px; line-height: 18px;\"><\/div>\n<p><iframe loading=\"lazy\" allowfullscreen=\"\" frameborder=\"0\" height=\"270\" src=\"http:\/\/www.youtube.com\/embed\/LVao2G_DR_8?fs=1\" width=\"480\"><\/iframe><\/p>\n","protected":false},"excerpt":{"rendered":"<p>El conocido dibujante Miguel Gallardo acaba de realizar un nuevo v\u00eddeo sobre autismo con la colaborac\u00ed\u00f3n de la Fundaci\u00f3n Orange. Se llama Academia de especialistas y muestra de forma divertida las habilidades de muchas personas con autismo, como su propia hija, Mar\u00eda.<\/p>\n","protected":false},"author":1,"featured_media":0,"comment_status":"closed","ping_status":"open","sticky":false,"template":"","format":"standard","meta":{"_monsterinsights_skip_tracking":false,"_monsterinsights_sitenote_active":false,"_monsterinsights_sitenote_note":"","_monsterinsights_sitenote_category":0,"footnotes":""},"categories":[1],"tags":[],"class_list":["post-6","post","type-post","status-publish","format-standard","hentry","category-sin-categoria"],"_links":{"self":[{"href":"http:\/\/www.aite-extremadura.org\/blog\/wp-json\/wp\/v2\/posts\/6","targetHints":{"allow":["GET"]}}],"collection":[{"href":"http:\/\/www.aite-extremadura.org\/blog\/wp-json\/wp\/v2\/posts"}],"about":[{"href":"http:\/\/www.aite-extremadura.org\/blog\/wp-json\/wp\/v2\/types\/post"}],"author":[{"embeddable":true,"href":"http:\/\/www.aite-extremadura.org\/blog\/wp-json\/wp\/v2\/users\/1"}],"replies":[{"embeddable":true,"href":"http:\/\/www.aite-extremadura.org\/blog\/wp-json\/wp\/v2\/comments?post=6"}],"version-history":[{"count":1,"href":"http:\/\/www.aite-extremadura.org\/blog\/wp-json\/wp\/v2\/posts\/6\/revisions"}],"predecessor-version":[{"id":412,"href":"http:\/\/www.aite-extremadura.org\/blog\/wp-json\/wp\/v2\/posts\/6\/revisions\/412"}],"wp:attachment":[{"href":"http:\/\/www.aite-extremadura.org\/blog\/wp-json\/wp\/v2\/media?parent=6"}],"wp:term":[{"taxonomy":"category","embeddable":true,"href":"http:\/\/www.aite-extremadura.org\/blog\/wp-json\/wp\/v2\/categories?post=6"},{"taxonomy":"post_tag","embeddable":true,"href":"http:\/\/www.aite-extremadura.org\/blog\/wp-json\/wp\/v2\/tags?post=6"}],"curies":[{"name":"wp","href":"https:\/\/api.w.org\/{rel}","templated":true}]}}