{"id":59,"date":"2011-07-10T09:53:00","date_gmt":"2011-07-10T09:53:00","guid":{"rendered":"http:\/\/www.aite-extremadura.org\/blog\/?p=59"},"modified":"2018-05-09T23:39:10","modified_gmt":"2018-05-09T22:39:10","slug":"viii-congreso-internacional-de-la-ale","status":"publish","type":"post","link":"http:\/\/www.aite-extremadura.org\/blog\/viii-congreso-internacional-de-la-ale\/","title":{"rendered":"VIII Congreso Internacional de la ALE"},"content":{"rendered":"<p><span style=\"color: #222222; font-family: 'Coming Soon'; font-size: 15px; line-height: 21px;\">La Asociaci\u00f3n de Logopedas de Espa\u00f1a (A.L.E.) va a celebrar durante los d\u00edas 24, 25 y 26 de noviembre de 2011 en Valencia el VIII Congreso Internacional de la A.L.E., que bajo el lema \u201c<i>Nuevos desaf\u00edos y nuevas competencias profesionales<\/i><\/span><span style=\"color: #222222; font-family: 'Coming Soon'; font-size: 15px; line-height: 21px;\">\u201d, condensa un programa de gran inter\u00e9s en cuanto a los contenidos tem\u00e1ticos que se vertebran en tres ponencias principales:<\/span><br \/><span style=\"color: #222222; font-family: 'Coming Soon'; font-size: 15px; line-height: 21px;\"><br \/><\/span><span style=\"color: #222222; font-family: 'Coming Soon'; font-size: 15px; line-height: 21px;\"><\/span><span style=\"color: #222222; font-family: 'Coming Soon'; font-size: 15px; line-height: 21px;\"><\/span><span style=\"color: #222222; font-family: 'Coming Soon'; font-size: 15px; line-height: 21px;\">\u25a0Logopedia y Atenci\u00f3n Temprana<\/span><span style=\"color: #222222; font-family: 'Coming Soon'; font-size: 15px; line-height: 21px;\"><br \/><\/span><span style=\"color: #222222; font-family: 'Coming Soon'; font-size: 15px; line-height: 21px;\">\u25a0Competencias Comunicativas: Logopedia y Escuela<\/span><span style=\"color: #222222; font-family: 'Coming Soon'; font-size: 15px; line-height: 21px;\"><br \/><\/span><span style=\"color: #222222; font-family: 'Coming Soon'; font-size: 15px; line-height: 21px;\">\u25a0Intervenci\u00f3n Logop\u00e9dica en las Patolog\u00edas Bucofonatorias<\/span><br \/><span style=\"color: #222222; font-family: 'Coming Soon'; font-size: 15px; line-height: 21px;\"><br \/><\/span><br \/><span style=\"color: #222222; font-family: 'Coming Soon'; font-size: 15px; line-height: 21px;\">Aqu\u00ed ten\u00e9is el <a href=\"http:\/\/ale-logopedas.org\/congreso2011\/\">ENLACE A LA WEB DEL CONGRESO<\/a><\/span><br \/><span style=\"color: #222222; font-family: 'Coming Soon'; font-size: 15px; line-height: 21px;\"><br \/><\/span><\/p>\n<div style=\"clear: both; text-align: center;\"><a href=\"http:\/\/www.aite-extremadura.org\/blog\/wp-content\/uploads\/2011\/07\/LOGO-Congreso-ALE9.jpg\" style=\"margin-left: 1em; margin-right: 1em;\"><img loading=\"lazy\" decoding=\"async\" border=\"0\" height=\"47\" src=\"http:\/\/www.aite-extremadura.org\/blog\/wp-content\/uploads\/2011\/07\/LOGO-Congreso-ALE9-300x36.jpg\" width=\"400\" \/><\/a><\/div>\n<p><span style=\"color: #222222; font-family: 'Coming Soon'; font-size: 15px; line-height: 21px;\"><br \/><\/span><\/p>\n","protected":false},"excerpt":{"rendered":"<p>La Asociaci\u00f3n de Logopedas de Espa\u00f1a (A.L.E.) va a celebrar durante los d\u00edas 24, 25 y 26 de noviembre de 2011 en Valencia el VIII Congreso Internacional de la A.L.E., que bajo el lema \u201cNuevos desaf\u00edos y nuevas competencias profesionales\u201d, condensa un programa de gran inter\u00e9s en cuanto a los contenidos tem\u00e1ticos que se vertebran [&hellip;]<\/p>\n","protected":false},"author":1,"featured_media":254,"comment_status":"closed","ping_status":"open","sticky":false,"template":"","format":"standard","meta":{"_monsterinsights_skip_tracking":false,"_monsterinsights_sitenote_active":false,"_monsterinsights_sitenote_note":"","_monsterinsights_sitenote_category":0,"footnotes":""},"categories":[5],"tags":[],"class_list":["post-59","post","type-post","status-publish","format-standard","has-post-thumbnail","hentry","category-congresos"],"_links":{"self":[{"href":"http:\/\/www.aite-extremadura.org\/blog\/wp-json\/wp\/v2\/posts\/59","targetHints":{"allow":["GET"]}}],"collection":[{"href":"http:\/\/www.aite-extremadura.org\/blog\/wp-json\/wp\/v2\/posts"}],"about":[{"href":"http:\/\/www.aite-extremadura.org\/blog\/wp-json\/wp\/v2\/types\/post"}],"author":[{"embeddable":true,"href":"http:\/\/www.aite-extremadura.org\/blog\/wp-json\/wp\/v2\/users\/1"}],"replies":[{"embeddable":true,"href":"http:\/\/www.aite-extremadura.org\/blog\/wp-json\/wp\/v2\/comments?post=59"}],"version-history":[{"count":1,"href":"http:\/\/www.aite-extremadura.org\/blog\/wp-json\/wp\/v2\/posts\/59\/revisions"}],"predecessor-version":[{"id":460,"href":"http:\/\/www.aite-extremadura.org\/blog\/wp-json\/wp\/v2\/posts\/59\/revisions\/460"}],"wp:featuredmedia":[{"embeddable":true,"href":"http:\/\/www.aite-extremadura.org\/blog\/wp-json\/wp\/v2\/media\/254"}],"wp:attachment":[{"href":"http:\/\/www.aite-extremadura.org\/blog\/wp-json\/wp\/v2\/media?parent=59"}],"wp:term":[{"taxonomy":"category","embeddable":true,"href":"http:\/\/www.aite-extremadura.org\/blog\/wp-json\/wp\/v2\/categories?post=59"},{"taxonomy":"post_tag","embeddable":true,"href":"http:\/\/www.aite-extremadura.org\/blog\/wp-json\/wp\/v2\/tags?post=59"}],"curies":[{"name":"wp","href":"https:\/\/api.w.org\/{rel}","templated":true}]}}