{"id":57,"date":"2011-07-26T11:08:00","date_gmt":"2011-07-26T11:08:00","guid":{"rendered":"http:\/\/www.aite-extremadura.org\/blog\/?p=57"},"modified":"2018-05-09T23:39:10","modified_gmt":"2018-05-09T22:39:10","slug":"encuentro-nacional-sobre-diagnostico-precoz-de-la-sordera-infantil","status":"publish","type":"post","link":"http:\/\/www.aite-extremadura.org\/blog\/encuentro-nacional-sobre-diagnostico-precoz-de-la-sordera-infantil\/","title":{"rendered":"Encuentro Nacional sobre Diagn\u00f3stico Precoz de la Sordera Infantil"},"content":{"rendered":"<p><span style=\"font-family: Arial, Verdana, Helvetica, sans-serif; font-size: 14px; line-height: 24px;\">FIAPAS y la Comisi\u00f3n para la Detecci\u00f3n Precoz de la Sordera Infantil (CODEPEH), organizan el Encuentro Nacional sobre Diagn\u00f3stico Precoz de la Sordera Infantil: de la detecci\u00f3n a la inclusi\u00f3n, que se celebrar\u00e1 en Madrid, los d\u00edas 20 y 21 de octubre.<\/span><\/p>\n<div style=\"clear: both; text-align: center;\"><a href=\"http:\/\/www.aite-extremadura.org\/blog\/wp-content\/uploads\/2011\/07\/fiapasbb.jpg\" style=\"margin-left: 1em; margin-right: 1em;\"><img decoding=\"async\" border=\"0\" src=\"http:\/\/www.aite-extremadura.org\/blog\/wp-content\/uploads\/2011\/07\/fiapasbb.jpg\" \/><\/a><\/div>\n<p>Secretar\u00eda del Congreso<\/p>\n<div>Siasa Congresos<br \/>P\u00ba de la Habana, 134<br \/>28036 Madrid<br \/>Tel.: 91 457 48 91<br \/>Fax: 91 458 10 88<br \/>Correo electr\u00f3nico:&nbsp;<a href=\"mailto:marias@siasa.es\" style=\"background-color: transparent; color: #215263; text-decoration: none;\">marias@siasa.es<\/a><\/div>\n<p><strong>P\u00e1gina Web:&nbsp;<\/strong><a href=\"http:\/\/www.siasa.es\/sp\/congresos.html\" style=\"background-color: transparent; color: #215263; text-decoration: none;\" title=\"Acceder a la p\u00e1gina web\">http:\/\/www.siasa.es\/sp\/congresos.html<\/a><\/p>\n<p>M\u00e1s informaci\u00f3n sobre el programa en este<a href=\"http:\/\/sid.usal.es\/idocs\/F1\/ACT40038\/Programa-fiapas.pdf\"> ENLACE<\/a><\/p>\n","protected":false},"excerpt":{"rendered":"<p>FIAPAS y la Comisi\u00f3n para la Detecci\u00f3n Precoz de la Sordera Infantil (CODEPEH), organizan el Encuentro Nacional sobre Diagn\u00f3stico Precoz de la Sordera Infantil: de la detecci\u00f3n a la inclusi\u00f3n, que se celebrar\u00e1 en Madrid, los d\u00edas 20 y 21 de octubre. Secretar\u00eda del Congreso Siasa CongresosP\u00ba de la Habana, 13428036 MadridTel.: 91 457 48 [&hellip;]<\/p>\n","protected":false},"author":1,"featured_media":252,"comment_status":"closed","ping_status":"open","sticky":false,"template":"","format":"standard","meta":{"_monsterinsights_skip_tracking":false,"_monsterinsights_sitenote_active":false,"_monsterinsights_sitenote_note":"","_monsterinsights_sitenote_category":0,"footnotes":""},"categories":[5],"tags":[],"class_list":["post-57","post","type-post","status-publish","format-standard","has-post-thumbnail","hentry","category-congresos"],"_links":{"self":[{"href":"http:\/\/www.aite-extremadura.org\/blog\/wp-json\/wp\/v2\/posts\/57","targetHints":{"allow":["GET"]}}],"collection":[{"href":"http:\/\/www.aite-extremadura.org\/blog\/wp-json\/wp\/v2\/posts"}],"about":[{"href":"http:\/\/www.aite-extremadura.org\/blog\/wp-json\/wp\/v2\/types\/post"}],"author":[{"embeddable":true,"href":"http:\/\/www.aite-extremadura.org\/blog\/wp-json\/wp\/v2\/users\/1"}],"replies":[{"embeddable":true,"href":"http:\/\/www.aite-extremadura.org\/blog\/wp-json\/wp\/v2\/comments?post=57"}],"version-history":[{"count":1,"href":"http:\/\/www.aite-extremadura.org\/blog\/wp-json\/wp\/v2\/posts\/57\/revisions"}],"predecessor-version":[{"id":458,"href":"http:\/\/www.aite-extremadura.org\/blog\/wp-json\/wp\/v2\/posts\/57\/revisions\/458"}],"wp:featuredmedia":[{"embeddable":true,"href":"http:\/\/www.aite-extremadura.org\/blog\/wp-json\/wp\/v2\/media\/252"}],"wp:attachment":[{"href":"http:\/\/www.aite-extremadura.org\/blog\/wp-json\/wp\/v2\/media?parent=57"}],"wp:term":[{"taxonomy":"category","embeddable":true,"href":"http:\/\/www.aite-extremadura.org\/blog\/wp-json\/wp\/v2\/categories?post=57"},{"taxonomy":"post_tag","embeddable":true,"href":"http:\/\/www.aite-extremadura.org\/blog\/wp-json\/wp\/v2\/tags?post=57"}],"curies":[{"name":"wp","href":"https:\/\/api.w.org\/{rel}","templated":true}]}}