{"id":56,"date":"2011-07-28T07:43:00","date_gmt":"2011-07-28T07:43:00","guid":{"rendered":"http:\/\/www.aite-extremadura.org\/blog\/?p=56"},"modified":"2018-05-09T23:39:10","modified_gmt":"2018-05-09T22:39:10","slug":"red-espanola-de-terapia-acuatica","status":"publish","type":"post","link":"http:\/\/www.aite-extremadura.org\/blog\/red-espanola-de-terapia-acuatica\/","title":{"rendered":"Red espa\u00f1ola de Terapia Acu\u00e1tica"},"content":{"rendered":"<div style=\"clear: both; text-align: center;\"><a href=\"http:\/\/retacua.blogspot.com\/\"><img loading=\"lazy\" decoding=\"async\" border=\"0\" height=\"72\" src=\"http:\/\/www.aite-extremadura.org\/blog\/wp-content\/uploads\/2011\/07\/retacua-300x55.jpg\" width=\"400\" \/><\/a><\/div>\n<div style=\"clear: both; text-align: center;\"><\/div>\n<div style=\"clear: both; text-align: center;\"><\/div>\n<div style=\"clear: both; text-align: center;\"><span style=\"color: #222222; line-height: 18px;\"><\/span><\/div>\n<div style=\"text-align: justify;\"><span style=\"font-family: inherit;\">&nbsp;la Red Espa\u00f1ola de Terapia Acu\u00e1tica, que nace como grupo cient\u00edfico con la intenci\u00f3n de promover y desarrolar la terapia acu\u00e1tica en Espa\u00f1a.<\/span><\/div>\n<div style=\"text-align: justify;\"><span style=\"font-family: inherit;\"><br \/><\/span><\/div>\n<div style=\"text-align: justify;\"><span style=\"font-family: inherit;\">Este es el enlace a su <a href=\"http:\/\/retacua.blogspot.com\/\">BLOG<\/a><\/span><\/div>\n<div style=\"font-family: Arial, Tahoma, Helvetica, FreeSans, sans-serif; font-size: 13px; text-align: left;\"><\/div>\n<p>En \u00e9l podr\u00e9is acceder a informaci\u00f3n de inter\u00e9s: eventos, recursos, etc., as\u00ed como participar en sus foros.<\/p>\n","protected":false},"excerpt":{"rendered":"<p>&nbsp;la Red Espa\u00f1ola de Terapia Acu\u00e1tica, que nace como grupo cient\u00edfico con la intenci\u00f3n de promover y desarrolar la terapia acu\u00e1tica en Espa\u00f1a. Este es el enlace a su BLOG En \u00e9l podr\u00e9is acceder a informaci\u00f3n de inter\u00e9s: eventos, recursos, etc., as\u00ed como participar en sus foros.<\/p>\n","protected":false},"author":1,"featured_media":251,"comment_status":"closed","ping_status":"open","sticky":false,"template":"","format":"standard","meta":{"_monsterinsights_skip_tracking":false,"_monsterinsights_sitenote_active":false,"_monsterinsights_sitenote_note":"","_monsterinsights_sitenote_category":0,"footnotes":""},"categories":[9],"tags":[],"class_list":["post-56","post","type-post","status-publish","format-standard","has-post-thumbnail","hentry","category-paginas-de-interes"],"_links":{"self":[{"href":"http:\/\/www.aite-extremadura.org\/blog\/wp-json\/wp\/v2\/posts\/56","targetHints":{"allow":["GET"]}}],"collection":[{"href":"http:\/\/www.aite-extremadura.org\/blog\/wp-json\/wp\/v2\/posts"}],"about":[{"href":"http:\/\/www.aite-extremadura.org\/blog\/wp-json\/wp\/v2\/types\/post"}],"author":[{"embeddable":true,"href":"http:\/\/www.aite-extremadura.org\/blog\/wp-json\/wp\/v2\/users\/1"}],"replies":[{"embeddable":true,"href":"http:\/\/www.aite-extremadura.org\/blog\/wp-json\/wp\/v2\/comments?post=56"}],"version-history":[{"count":1,"href":"http:\/\/www.aite-extremadura.org\/blog\/wp-json\/wp\/v2\/posts\/56\/revisions"}],"predecessor-version":[{"id":457,"href":"http:\/\/www.aite-extremadura.org\/blog\/wp-json\/wp\/v2\/posts\/56\/revisions\/457"}],"wp:featuredmedia":[{"embeddable":true,"href":"http:\/\/www.aite-extremadura.org\/blog\/wp-json\/wp\/v2\/media\/251"}],"wp:attachment":[{"href":"http:\/\/www.aite-extremadura.org\/blog\/wp-json\/wp\/v2\/media?parent=56"}],"wp:term":[{"taxonomy":"category","embeddable":true,"href":"http:\/\/www.aite-extremadura.org\/blog\/wp-json\/wp\/v2\/categories?post=56"},{"taxonomy":"post_tag","embeddable":true,"href":"http:\/\/www.aite-extremadura.org\/blog\/wp-json\/wp\/v2\/tags?post=56"}],"curies":[{"name":"wp","href":"https:\/\/api.w.org\/{rel}","templated":true}]}}