{"id":55,"date":"2011-07-29T09:30:00","date_gmt":"2011-07-29T09:30:00","guid":{"rendered":"http:\/\/www.aite-extremadura.org\/blog\/?p=55"},"modified":"2018-05-09T23:39:10","modified_gmt":"2018-05-09T22:39:10","slug":"nos-vamos-de-vacaciones","status":"publish","type":"post","link":"http:\/\/www.aite-extremadura.org\/blog\/nos-vamos-de-vacaciones\/","title":{"rendered":"Nos vamos de vacaciones"},"content":{"rendered":"<div style=\"clear: both; text-align: center;\"><a href=\"http:\/\/www.aite-extremadura.org\/blog\/wp-content\/uploads\/2011\/07\/Z-el-bebe-en-la-playa_1990333-25281-2529.jpg\" style=\"margin-left: 1em; margin-right: 1em;\"><img decoding=\"async\" border=\"0\" src=\"http:\/\/www.aite-extremadura.org\/blog\/wp-content\/uploads\/2011\/07\/Z-el-bebe-en-la-playa_1990333-25281-2529.jpg\" \/><\/a><\/div>\n<p>Nos vamos de vacaciones. Esperamos que vosotros tambi\u00e9n disfrut\u00e9is de ellas. El blog no cierra. Si hay alguna noticia interesante se subir\u00e1. Pero tambi\u00e9n nos daremos tiempo para descansar&#8230;<br \/>FELIZ VERANO!<\/p>\n","protected":false},"excerpt":{"rendered":"<p>Nos vamos de vacaciones. Esperamos que vosotros tambi\u00e9n disfrut\u00e9is de ellas. El blog no cierra. Si hay alguna noticia interesante se subir\u00e1. Pero tambi\u00e9n nos daremos tiempo para descansar&#8230;FELIZ VERANO!<\/p>\n","protected":false},"author":1,"featured_media":250,"comment_status":"closed","ping_status":"open","sticky":false,"template":"","format":"standard","meta":{"_monsterinsights_skip_tracking":false,"_monsterinsights_sitenote_active":false,"_monsterinsights_sitenote_note":"","_monsterinsights_sitenote_category":0,"footnotes":""},"categories":[8],"tags":[],"class_list":["post-55","post","type-post","status-publish","format-standard","has-post-thumbnail","hentry","category-informacion-de-interes"],"_links":{"self":[{"href":"http:\/\/www.aite-extremadura.org\/blog\/wp-json\/wp\/v2\/posts\/55","targetHints":{"allow":["GET"]}}],"collection":[{"href":"http:\/\/www.aite-extremadura.org\/blog\/wp-json\/wp\/v2\/posts"}],"about":[{"href":"http:\/\/www.aite-extremadura.org\/blog\/wp-json\/wp\/v2\/types\/post"}],"author":[{"embeddable":true,"href":"http:\/\/www.aite-extremadura.org\/blog\/wp-json\/wp\/v2\/users\/1"}],"replies":[{"embeddable":true,"href":"http:\/\/www.aite-extremadura.org\/blog\/wp-json\/wp\/v2\/comments?post=55"}],"version-history":[{"count":1,"href":"http:\/\/www.aite-extremadura.org\/blog\/wp-json\/wp\/v2\/posts\/55\/revisions"}],"predecessor-version":[{"id":456,"href":"http:\/\/www.aite-extremadura.org\/blog\/wp-json\/wp\/v2\/posts\/55\/revisions\/456"}],"wp:featuredmedia":[{"embeddable":true,"href":"http:\/\/www.aite-extremadura.org\/blog\/wp-json\/wp\/v2\/media\/250"}],"wp:attachment":[{"href":"http:\/\/www.aite-extremadura.org\/blog\/wp-json\/wp\/v2\/media?parent=55"}],"wp:term":[{"taxonomy":"category","embeddable":true,"href":"http:\/\/www.aite-extremadura.org\/blog\/wp-json\/wp\/v2\/categories?post=55"},{"taxonomy":"post_tag","embeddable":true,"href":"http:\/\/www.aite-extremadura.org\/blog\/wp-json\/wp\/v2\/tags?post=55"}],"curies":[{"name":"wp","href":"https:\/\/api.w.org\/{rel}","templated":true}]}}