{"id":53,"date":"2011-09-03T12:38:00","date_gmt":"2011-09-03T12:38:00","guid":{"rendered":"http:\/\/www.aite-extremadura.org\/blog\/?p=53"},"modified":"2018-05-09T23:39:10","modified_gmt":"2018-05-09T22:39:10","slug":"de-vuelta","status":"publish","type":"post","link":"http:\/\/www.aite-extremadura.org\/blog\/de-vuelta\/","title":{"rendered":"De vuelta&#8230;"},"content":{"rendered":"<p>Estamos de vuelta. Os deseamos a todos los que os incorpor\u00e1is al trabajo en septiembre, un feliz regreso y una breve depresi\u00f3n postvacacional.<\/p>\n<div style=\"clear: both; text-align: center;\"><a href=\"http:\/\/www.aite-extremadura.org\/blog\/wp-content\/uploads\/2011\/09\/bebe_lunes.gif\" style=\"margin-left: 1em; margin-right: 1em;\"><img decoding=\"async\" border=\"0\" src=\"http:\/\/www.aite-extremadura.org\/blog\/wp-content\/uploads\/2011\/09\/bebe_lunes.gif\" \/><\/a><\/div>\n<p>Aprovechamos para dejaros el enlace a esta p\u00e1gina que nos env\u00eda una compa\u00f1era y donde pod\u00e9is encontrar contenidos interesantes sobre el autismo.<\/p>\n<div style=\"clear: both; text-align: center;\"><a href=\"http:\/\/desafiandoalautismo.org\/\"><img loading=\"lazy\" decoding=\"async\" border=\"0\" height=\"87\" src=\"http:\/\/www.aite-extremadura.org\/blog\/wp-content\/uploads\/2011\/09\/DESAFIANDO-300x82.png\" width=\"320\" \/><\/a><\/div>\n<div style=\"clear: both; text-align: center;\"><\/div>\n<div style=\"clear: both; text-align: center;\"><a href=\"http:\/\/desafiandoalautismo.org\/\">Enlace a la p\u00e1gina web<\/a><\/div>\n","protected":false},"excerpt":{"rendered":"<p>Estamos de vuelta. Os deseamos a todos los que os incorpor\u00e1is al trabajo en septiembre, un feliz regreso y una breve depresi\u00f3n postvacacional. Aprovechamos para dejaros el enlace a esta p\u00e1gina que nos env\u00eda una compa\u00f1era y donde pod\u00e9is encontrar contenidos interesantes sobre el autismo. Enlace a la p\u00e1gina web<\/p>\n","protected":false},"author":1,"featured_media":247,"comment_status":"closed","ping_status":"open","sticky":false,"template":"","format":"standard","meta":{"_monsterinsights_skip_tracking":false,"_monsterinsights_sitenote_active":false,"_monsterinsights_sitenote_note":"","_monsterinsights_sitenote_category":0,"footnotes":""},"categories":[9],"tags":[],"class_list":["post-53","post","type-post","status-publish","format-standard","has-post-thumbnail","hentry","category-paginas-de-interes"],"_links":{"self":[{"href":"http:\/\/www.aite-extremadura.org\/blog\/wp-json\/wp\/v2\/posts\/53","targetHints":{"allow":["GET"]}}],"collection":[{"href":"http:\/\/www.aite-extremadura.org\/blog\/wp-json\/wp\/v2\/posts"}],"about":[{"href":"http:\/\/www.aite-extremadura.org\/blog\/wp-json\/wp\/v2\/types\/post"}],"author":[{"embeddable":true,"href":"http:\/\/www.aite-extremadura.org\/blog\/wp-json\/wp\/v2\/users\/1"}],"replies":[{"embeddable":true,"href":"http:\/\/www.aite-extremadura.org\/blog\/wp-json\/wp\/v2\/comments?post=53"}],"version-history":[{"count":1,"href":"http:\/\/www.aite-extremadura.org\/blog\/wp-json\/wp\/v2\/posts\/53\/revisions"}],"predecessor-version":[{"id":454,"href":"http:\/\/www.aite-extremadura.org\/blog\/wp-json\/wp\/v2\/posts\/53\/revisions\/454"}],"wp:featuredmedia":[{"embeddable":true,"href":"http:\/\/www.aite-extremadura.org\/blog\/wp-json\/wp\/v2\/media\/247"}],"wp:attachment":[{"href":"http:\/\/www.aite-extremadura.org\/blog\/wp-json\/wp\/v2\/media?parent=53"}],"wp:term":[{"taxonomy":"category","embeddable":true,"href":"http:\/\/www.aite-extremadura.org\/blog\/wp-json\/wp\/v2\/categories?post=53"},{"taxonomy":"post_tag","embeddable":true,"href":"http:\/\/www.aite-extremadura.org\/blog\/wp-json\/wp\/v2\/tags?post=53"}],"curies":[{"name":"wp","href":"https:\/\/api.w.org\/{rel}","templated":true}]}}