{"id":5,"date":"2013-02-25T08:27:00","date_gmt":"2013-02-25T08:27:00","guid":{"rendered":"http:\/\/www.aite-extremadura.org\/blog\/?p=5"},"modified":"2018-05-09T23:39:08","modified_gmt":"2018-05-09T22:39:08","slug":"conociendo-el-tdah","status":"publish","type":"post","link":"http:\/\/www.aite-extremadura.org\/blog\/conociendo-el-tdah\/","title":{"rendered":"Conociendo el TDAH"},"content":{"rendered":"<div style=\"clear: both; text-align: center;\">Pr\u00f3ximamente tendremos en nuestras manos \u00abConociendo el TDAH\u00bb, una gu\u00eda pr\u00e1ctica editada por FEAFES Calma y dirigida a familiares y profesionales. Esta gu\u00eda breve pretende ser un material \u00fatil de ayuda a padres y maestros que necesitan respuestas sencillas y claras ante el trastorno mental m\u00e1s frecuente de la infancia y adolescencia. \u00abConociendo el TDAH\u00bb informar\u00e1 de forma breve sobre qu\u00e9 es el TDAH, el diagn\u00f3stico, tratamiento farmacol\u00f3gico, tratamiento multidisciplinar, d\u00e9ficits cognitivos, estrategias para padres, intervenci\u00f3n educativa y c\u00f3mo mejorar el desempe\u00f1o ocupacional.<\/div>\n<div style=\"clear: both; text-align: center;\"><\/div>\n<div style=\"clear: both; text-align: center;\"><\/div>\n<div style=\"clear: both; text-align: center;\"><a href=\"http:\/\/www.aite-extremadura.org\/blog\/wp-content\/uploads\/2013\/02\/21644_361709157275740_328455243_n.jpg\" style=\"margin-left: 1em; margin-right: 1em;\"><img loading=\"lazy\" decoding=\"async\" border=\"0\" height=\"320\" src=\"http:\/\/www.aite-extremadura.org\/blog\/wp-content\/uploads\/2013\/02\/21644_361709157275740_328455243_n-216x300.jpg\" width=\"229\" \/><\/a><\/div>\n<p><\/p>\n<div><\/div>\n","protected":false},"excerpt":{"rendered":"<p>Pr\u00f3ximamente tendremos en nuestras manos \u00abConociendo el TDAH\u00bb, una gu\u00eda pr\u00e1ctica editada por FEAFES Calma y dirigida a familiares y profesionales. Esta gu\u00eda breve pretende ser un material \u00fatil de ayuda a padres y maestros que necesitan respuestas sencillas y claras ante el trastorno mental m\u00e1s frecuente de la infancia y adolescencia. \u00abConociendo el TDAH\u00bb [&hellip;]<\/p>\n","protected":false},"author":1,"featured_media":196,"comment_status":"closed","ping_status":"open","sticky":false,"template":"","format":"standard","meta":{"_monsterinsights_skip_tracking":false,"_monsterinsights_sitenote_active":false,"_monsterinsights_sitenote_note":"","_monsterinsights_sitenote_category":0,"footnotes":""},"categories":[2],"tags":[],"class_list":["post-5","post","type-post","status-publish","format-standard","has-post-thumbnail","hentry","category-libros"],"_links":{"self":[{"href":"http:\/\/www.aite-extremadura.org\/blog\/wp-json\/wp\/v2\/posts\/5","targetHints":{"allow":["GET"]}}],"collection":[{"href":"http:\/\/www.aite-extremadura.org\/blog\/wp-json\/wp\/v2\/posts"}],"about":[{"href":"http:\/\/www.aite-extremadura.org\/blog\/wp-json\/wp\/v2\/types\/post"}],"author":[{"embeddable":true,"href":"http:\/\/www.aite-extremadura.org\/blog\/wp-json\/wp\/v2\/users\/1"}],"replies":[{"embeddable":true,"href":"http:\/\/www.aite-extremadura.org\/blog\/wp-json\/wp\/v2\/comments?post=5"}],"version-history":[{"count":1,"href":"http:\/\/www.aite-extremadura.org\/blog\/wp-json\/wp\/v2\/posts\/5\/revisions"}],"predecessor-version":[{"id":411,"href":"http:\/\/www.aite-extremadura.org\/blog\/wp-json\/wp\/v2\/posts\/5\/revisions\/411"}],"wp:featuredmedia":[{"embeddable":true,"href":"http:\/\/www.aite-extremadura.org\/blog\/wp-json\/wp\/v2\/media\/196"}],"wp:attachment":[{"href":"http:\/\/www.aite-extremadura.org\/blog\/wp-json\/wp\/v2\/media?parent=5"}],"wp:term":[{"taxonomy":"category","embeddable":true,"href":"http:\/\/www.aite-extremadura.org\/blog\/wp-json\/wp\/v2\/categories?post=5"},{"taxonomy":"post_tag","embeddable":true,"href":"http:\/\/www.aite-extremadura.org\/blog\/wp-json\/wp\/v2\/tags?post=5"}],"curies":[{"name":"wp","href":"https:\/\/api.w.org\/{rel}","templated":true}]}}