{"id":45,"date":"2011-10-28T22:24:00","date_gmt":"2011-10-28T22:24:00","guid":{"rendered":"http:\/\/www.aite-extremadura.org\/blog\/?p=45"},"modified":"2018-05-09T23:39:09","modified_gmt":"2018-05-09T22:39:09","slug":"celebradas-las-iv-jornadas-interdisciplinares-de-atencion-temprana-en-sevilla","status":"publish","type":"post","link":"http:\/\/www.aite-extremadura.org\/blog\/celebradas-las-iv-jornadas-interdisciplinares-de-atencion-temprana-en-sevilla\/","title":{"rendered":"Celebradas las IV Jornadas Interdisciplinares de Atenci\u00f3n Temprana en Sevilla"},"content":{"rendered":"<p>Se han celebrado en Sevilla las IV Jornadas Interdisciplinares de Atenci\u00f3n Temprana en Sevilla, organizadas por el <a href=\"http:\/\/www.gat-atenciontemprana.org\/\">GAT<\/a> y la Asociaci\u00f3n Interprofesional de Atenci\u00f3n Temprana de Andaluc\u00eda, <a href=\"http:\/\/www.atenciontemprana-atai.org\/\">ATAI<\/a>. Han participado 250 profesionales de diferentes \u00e1mbitos y se han tratado temas como la coordinaci\u00f3n en Atenci\u00f3n Temprana o la Ley de promoci\u00f3n de la autonom\u00eda personal y atenci\u00f3n a la dependencia y se han presentado los trabajos del GAT de <a href=\"http:\/\/www.gat-atenciontemprana.org\/images\/stories\/news\/2011\/PRIMERA%20NOTICIA%20WEB.pdf\">\u00abLa Primera Noticia\u00bb<\/a> o el nivel III de la <a href=\"http:\/\/www.gat-atenciontemprana.org\/index.php?option=com_content&amp;view=article&amp;id=5:organizacion-diagnostica-para-la-atencion-temprana&amp;catid=2:documentos&amp;Itemid=4\">ODAT<\/a>, entre otros temas.<\/p>\n<div>Pod\u00e9is encontrar m\u00e1s fotograf\u00edas en la <a href=\"http:\/\/www.facebook.com\/profile.php?id=100002990673235\">p\u00e1gina de facebook del GAT<\/a>.<\/p>\n<div><\/p>\n<div style=\"clear: both; text-align: center;\"><a href=\"http:\/\/www.aite-extremadura.org\/blog\/wp-content\/uploads\/2011\/10\/101_0302.jpg\" style=\"margin-left: 1em; margin-right: 1em;\"><img loading=\"lazy\" decoding=\"async\" border=\"0\" height=\"239\" src=\"http:\/\/www.aite-extremadura.org\/blog\/wp-content\/uploads\/2011\/10\/101_0302-300x225.jpg\" width=\"320\" \/><\/a><\/div>\n<p><\/p>\n<div style=\"clear: both; text-align: center;\"><a href=\"http:\/\/www.aite-extremadura.org\/blog\/wp-content\/uploads\/2011\/10\/101_0249.jpg\" style=\"margin-left: 1em; margin-right: 1em;\"><img loading=\"lazy\" decoding=\"async\" border=\"0\" height=\"239\" src=\"http:\/\/www.aite-extremadura.org\/blog\/wp-content\/uploads\/2011\/10\/101_0249-300x225.jpg\" width=\"320\" \/><\/a><\/div>\n<p><\/p>\n<div style=\"clear: both; text-align: center;\"><a href=\"http:\/\/www.aite-extremadura.org\/blog\/wp-content\/uploads\/2011\/10\/101_0226.jpg\" style=\"margin-left: 1em; margin-right: 1em;\"><img loading=\"lazy\" decoding=\"async\" border=\"0\" height=\"239\" src=\"http:\/\/www.aite-extremadura.org\/blog\/wp-content\/uploads\/2011\/10\/101_0226-300x225.jpg\" width=\"320\" \/><\/a><\/div>\n<div><\/p>\n<div><\/div>\n<\/div>\n<\/div>\n<\/div>\n","protected":false},"excerpt":{"rendered":"<p>Se han celebrado en Sevilla las IV Jornadas Interdisciplinares de Atenci\u00f3n Temprana en Sevilla, organizadas por el GAT y la Asociaci\u00f3n Interprofesional de Atenci\u00f3n Temprana de Andaluc\u00eda, ATAI. Han participado 250 profesionales de diferentes \u00e1mbitos y se han tratado temas como la coordinaci\u00f3n en Atenci\u00f3n Temprana o la Ley de promoci\u00f3n de la autonom\u00eda personal [&hellip;]<\/p>\n","protected":false},"author":1,"featured_media":237,"comment_status":"closed","ping_status":"open","sticky":false,"template":"","format":"standard","meta":{"_monsterinsights_skip_tracking":false,"_monsterinsights_sitenote_active":false,"_monsterinsights_sitenote_note":"","_monsterinsights_sitenote_category":0,"footnotes":""},"categories":[6],"tags":[],"class_list":["post-45","post","type-post","status-publish","format-standard","has-post-thumbnail","hentry","category-jornadas"],"_links":{"self":[{"href":"http:\/\/www.aite-extremadura.org\/blog\/wp-json\/wp\/v2\/posts\/45","targetHints":{"allow":["GET"]}}],"collection":[{"href":"http:\/\/www.aite-extremadura.org\/blog\/wp-json\/wp\/v2\/posts"}],"about":[{"href":"http:\/\/www.aite-extremadura.org\/blog\/wp-json\/wp\/v2\/types\/post"}],"author":[{"embeddable":true,"href":"http:\/\/www.aite-extremadura.org\/blog\/wp-json\/wp\/v2\/users\/1"}],"replies":[{"embeddable":true,"href":"http:\/\/www.aite-extremadura.org\/blog\/wp-json\/wp\/v2\/comments?post=45"}],"version-history":[{"count":1,"href":"http:\/\/www.aite-extremadura.org\/blog\/wp-json\/wp\/v2\/posts\/45\/revisions"}],"predecessor-version":[{"id":448,"href":"http:\/\/www.aite-extremadura.org\/blog\/wp-json\/wp\/v2\/posts\/45\/revisions\/448"}],"wp:featuredmedia":[{"embeddable":true,"href":"http:\/\/www.aite-extremadura.org\/blog\/wp-json\/wp\/v2\/media\/237"}],"wp:attachment":[{"href":"http:\/\/www.aite-extremadura.org\/blog\/wp-json\/wp\/v2\/media?parent=45"}],"wp:term":[{"taxonomy":"category","embeddable":true,"href":"http:\/\/www.aite-extremadura.org\/blog\/wp-json\/wp\/v2\/categories?post=45"},{"taxonomy":"post_tag","embeddable":true,"href":"http:\/\/www.aite-extremadura.org\/blog\/wp-json\/wp\/v2\/tags?post=45"}],"curies":[{"name":"wp","href":"https:\/\/api.w.org\/{rel}","templated":true}]}}