{"id":44,"date":"2011-11-02T15:29:00","date_gmt":"2011-11-02T15:29:00","guid":{"rendered":"http:\/\/www.aite-extremadura.org\/blog\/?p=44"},"modified":"2018-05-09T23:39:09","modified_gmt":"2018-05-09T22:39:09","slug":"jornadas-de-atencion-temprana-en-navarra","status":"publish","type":"post","link":"http:\/\/www.aite-extremadura.org\/blog\/jornadas-de-atencion-temprana-en-navarra\/","title":{"rendered":"Jornadas de Atenci\u00f3n Temprana en Navarra"},"content":{"rendered":"<div style=\"clear: both; text-align: center;\"><a href=\"http:\/\/www.aite-extremadura.org\/blog\/wp-content\/uploads\/2011\/11\/image.jpg\" style=\"margin-left: 1em; margin-right: 1em;\"><img loading=\"lazy\" decoding=\"async\" border=\"0\" height=\"320\" src=\"http:\/\/www.aite-extremadura.org\/blog\/wp-content\/uploads\/2011\/11\/image-222x300.jpg\" width=\"236\" \/><\/a><\/div>\n<div style=\"clear: both; text-align: left;\"><\/div>\n<div style=\"clear: both; text-align: left;\">Los pr\u00f3ximos d\u00edas 11 y 12 de Noviembre se celebran en Navarra las <i>Jornadas de Atenci\u00f3n Temprana: Un proyecto de futuro en Navarra <\/i>organizadas por la <a href=\"http:\/\/gatnavarra.jimdo.com\/jornadas-noviembre-2011\/\">Asociaci\u00f3n Interprofesional de Atenci\u00f3n Temprana GAT Navarra.&nbsp;<\/a><\/div>\n<div style=\"clear: both; text-align: left;\">En el enlace de la p\u00e1gina web ten\u00e9is toda la informaci\u00f3n.&nbsp;<\/div>\n<div style=\"clear: both; text-align: left;\"><a href=\"http:\/\/gatnavarra.jimdo.com\/jornadas-noviembre-2011\/\">Web GAT Navarra<\/a><\/div>\n<div style=\"clear: both; text-align: center;\"><\/div>\n","protected":false},"excerpt":{"rendered":"<p>Los pr\u00f3ximos d\u00edas 11 y 12 de Noviembre se celebran en Navarra las Jornadas de Atenci\u00f3n Temprana: Un proyecto de futuro en Navarra organizadas por la Asociaci\u00f3n Interprofesional de Atenci\u00f3n Temprana GAT Navarra.&nbsp; En el enlace de la p\u00e1gina web ten\u00e9is toda la informaci\u00f3n.&nbsp; Web GAT Navarra<\/p>\n","protected":false},"author":1,"featured_media":236,"comment_status":"closed","ping_status":"open","sticky":false,"template":"","format":"standard","meta":{"_monsterinsights_skip_tracking":false,"_monsterinsights_sitenote_active":false,"_monsterinsights_sitenote_note":"","_monsterinsights_sitenote_category":0,"footnotes":""},"categories":[6],"tags":[],"class_list":["post-44","post","type-post","status-publish","format-standard","has-post-thumbnail","hentry","category-jornadas"],"_links":{"self":[{"href":"http:\/\/www.aite-extremadura.org\/blog\/wp-json\/wp\/v2\/posts\/44","targetHints":{"allow":["GET"]}}],"collection":[{"href":"http:\/\/www.aite-extremadura.org\/blog\/wp-json\/wp\/v2\/posts"}],"about":[{"href":"http:\/\/www.aite-extremadura.org\/blog\/wp-json\/wp\/v2\/types\/post"}],"author":[{"embeddable":true,"href":"http:\/\/www.aite-extremadura.org\/blog\/wp-json\/wp\/v2\/users\/1"}],"replies":[{"embeddable":true,"href":"http:\/\/www.aite-extremadura.org\/blog\/wp-json\/wp\/v2\/comments?post=44"}],"version-history":[{"count":1,"href":"http:\/\/www.aite-extremadura.org\/blog\/wp-json\/wp\/v2\/posts\/44\/revisions"}],"predecessor-version":[{"id":447,"href":"http:\/\/www.aite-extremadura.org\/blog\/wp-json\/wp\/v2\/posts\/44\/revisions\/447"}],"wp:featuredmedia":[{"embeddable":true,"href":"http:\/\/www.aite-extremadura.org\/blog\/wp-json\/wp\/v2\/media\/236"}],"wp:attachment":[{"href":"http:\/\/www.aite-extremadura.org\/blog\/wp-json\/wp\/v2\/media?parent=44"}],"wp:term":[{"taxonomy":"category","embeddable":true,"href":"http:\/\/www.aite-extremadura.org\/blog\/wp-json\/wp\/v2\/categories?post=44"},{"taxonomy":"post_tag","embeddable":true,"href":"http:\/\/www.aite-extremadura.org\/blog\/wp-json\/wp\/v2\/tags?post=44"}],"curies":[{"name":"wp","href":"https:\/\/api.w.org\/{rel}","templated":true}]}}