{"id":43,"date":"2011-11-04T11:55:00","date_gmt":"2011-11-04T11:55:00","guid":{"rendered":"http:\/\/www.aite-extremadura.org\/blog\/?p=43"},"modified":"2018-05-09T23:39:09","modified_gmt":"2018-05-09T22:39:09","slug":"cambio-de-junta-directiva-en-el-gat","status":"publish","type":"post","link":"http:\/\/www.aite-extremadura.org\/blog\/cambio-de-junta-directiva-en-el-gat\/","title":{"rendered":"Cambio de Junta Directiva en el GAT"},"content":{"rendered":"<p>El pasado d\u00eda 27 de Octubre, durante las IV Jornadas Interdisciplinares de Atenci\u00f3n Temprana en Sevilla, se celebr\u00f3 la Asamblea General Extraordinaria del GAT. Durante esta Asamblea se despidieron F\u00e1tima Pegenaute Lebrero como presidenta del GAT y Sonsoles Perpi\u00f1\u00e1n Guerras como secretaria. Todos los miembros del GAT agradecieron la entrega y dedicaci\u00f3n a la Federaci\u00f3n de F\u00e1tima y Sonsoles durante estos a\u00f1os. Asimismo, se present\u00f3 la nueva Junta Directiva compuesta por cuatro miembros; Juan Carlos Belda Oriola como presidente, Julio P\u00e9rez L\u00f3pez como vicepresidente, Yolanda S\u00e1nchez Fern\u00e1ndez como secretar\u00eda y Jos\u00e9 Cardama Barrientos, que contin\u00faa como tesorero del GAT. <\/p>\n<div style=\"text-align: justify;\"><span style=\"background-color: white; color: #2a2a2a; font-family: inherit; line-height: 17px;\"><br \/><\/span><\/div>\n<div style=\"clear: both; text-align: center;\"><a href=\"http:\/\/2.bp.blogspot.com\/-hlUx2FSFNUk\/TrPRY1xWhjI\/AAAAAAAAAf8\/DfluyIDFBy4\/s1600\/322877_210486009023329_100001857940448_505411_278118321_o.jpg\" style=\"margin-left: 1em; margin-right: 1em;\"><span style=\"font-family: inherit;\"><img loading=\"lazy\" decoding=\"async\" border=\"0\" height=\"213\" src=\"http:\/\/www.aite-extremadura.org\/blog\/wp-content\/uploads\/2011\/11\/322877_210486009023329_100001857940448_505411_278118321_o-300x200.jpg\" width=\"320\" \/><\/span><\/a><\/div>\n<div style=\"text-align: center;\"><span style=\"font-family: inherit;\">&nbsp;Nueva Junta Directiva. De izquierda a derecha, Juan Carlos Belda, presidente, Yolanda S\u00e1nchez, secretaria, Jos\u00e9 Cardama, tesorero y Julio P\u00e9rez, vicepresidente.<\/span><\/div>\n<div style=\"text-align: center;\"><span style=\"font-family: inherit;\"><br \/><\/span><\/div>\n<div style=\"clear: both; text-align: center;\"><a href=\"http:\/\/4.bp.blogspot.com\/-6EU0lu0kRL4\/TrPRiOJ5bZI\/AAAAAAAAAgE\/WqRTOI23DAI\/s1600\/336700_210483692356894_100001857940448_505408_961548925_o.jpg\" style=\"margin-left: 1em; margin-right: 1em;\"><span style=\"font-family: inherit;\"><img loading=\"lazy\" decoding=\"async\" border=\"0\" height=\"240\" src=\"http:\/\/www.aite-extremadura.org\/blog\/wp-content\/uploads\/2011\/11\/336700_210483692356894_100001857940448_505408_961548925_o-300x225.jpg\" width=\"320\" \/><\/span><\/a><\/div>\n<div style=\"text-align: center;\"><span style=\"font-family: inherit;\">&nbsp;Junta Directiva saliente. De izquierda a derecha, F\u00e1tima Pegenaute, presidenta, Sonsoles Perpi\u00f1\u00e1n, secretaria y Jos\u00e9 Cardama, tesorero.<\/span><\/div>\n<div style=\"text-align: center;\"><span style=\"font-family: inherit;\"><br \/><\/span><\/div>\n<div style=\"clear: both; text-align: center;\"><a href=\"http:\/\/4.bp.blogspot.com\/-8FQWh9BjlOc\/TrPR2iGjjvI\/AAAAAAAAAgM\/glvk3teOagA\/s1600\/2011-10-28+aSAMBLEA+GENERAL+DEL+GAT.JPG\" style=\"margin-left: 1em; margin-right: 1em;\"><span style=\"font-family: inherit;\"><img loading=\"lazy\" decoding=\"async\" border=\"0\" height=\"240\" src=\"http:\/\/www.aite-extremadura.org\/blog\/wp-content\/uploads\/2011\/11\/2011-10-28-aSAMBLEA-GENERAL-DEL-GAT-300x225.jpg\" width=\"320\" \/><\/span><\/a><\/div>\n<div style=\"text-align: center;\">Miembros del GAT. Octubre 2011<\/div>\n","protected":false},"excerpt":{"rendered":"<p>El pasado d\u00eda 27 de Octubre, durante las IV Jornadas Interdisciplinares de Atenci\u00f3n Temprana en Sevilla, se celebr\u00f3 la Asamblea General Extraordinaria del GAT. Durante esta Asamblea se despidieron F\u00e1tima Pegenaute Lebrero como presidenta del GAT y Sonsoles Perpi\u00f1\u00e1n Guerras como secretaria. Todos los miembros del GAT agradecieron la entrega y dedicaci\u00f3n a la Federaci\u00f3n [&hellip;]<\/p>\n","protected":false},"author":1,"featured_media":233,"comment_status":"closed","ping_status":"open","sticky":false,"template":"","format":"standard","meta":{"_monsterinsights_skip_tracking":false,"_monsterinsights_sitenote_active":false,"_monsterinsights_sitenote_note":"","_monsterinsights_sitenote_category":0,"footnotes":""},"categories":[7],"tags":[],"class_list":["post-43","post","type-post","status-publish","format-standard","has-post-thumbnail","hentry","category-noticias"],"_links":{"self":[{"href":"http:\/\/www.aite-extremadura.org\/blog\/wp-json\/wp\/v2\/posts\/43","targetHints":{"allow":["GET"]}}],"collection":[{"href":"http:\/\/www.aite-extremadura.org\/blog\/wp-json\/wp\/v2\/posts"}],"about":[{"href":"http:\/\/www.aite-extremadura.org\/blog\/wp-json\/wp\/v2\/types\/post"}],"author":[{"embeddable":true,"href":"http:\/\/www.aite-extremadura.org\/blog\/wp-json\/wp\/v2\/users\/1"}],"replies":[{"embeddable":true,"href":"http:\/\/www.aite-extremadura.org\/blog\/wp-json\/wp\/v2\/comments?post=43"}],"version-history":[{"count":1,"href":"http:\/\/www.aite-extremadura.org\/blog\/wp-json\/wp\/v2\/posts\/43\/revisions"}],"predecessor-version":[{"id":446,"href":"http:\/\/www.aite-extremadura.org\/blog\/wp-json\/wp\/v2\/posts\/43\/revisions\/446"}],"wp:featuredmedia":[{"embeddable":true,"href":"http:\/\/www.aite-extremadura.org\/blog\/wp-json\/wp\/v2\/media\/233"}],"wp:attachment":[{"href":"http:\/\/www.aite-extremadura.org\/blog\/wp-json\/wp\/v2\/media?parent=43"}],"wp:term":[{"taxonomy":"category","embeddable":true,"href":"http:\/\/www.aite-extremadura.org\/blog\/wp-json\/wp\/v2\/categories?post=43"},{"taxonomy":"post_tag","embeddable":true,"href":"http:\/\/www.aite-extremadura.org\/blog\/wp-json\/wp\/v2\/tags?post=43"}],"curies":[{"name":"wp","href":"https:\/\/api.w.org\/{rel}","templated":true}]}}