{"id":42,"date":"2011-11-15T08:56:00","date_gmt":"2011-11-15T08:56:00","guid":{"rendered":"http:\/\/www.aite-extremadura.org\/blog\/?p=42"},"modified":"2018-05-09T23:39:09","modified_gmt":"2018-05-09T22:39:09","slug":"exito-de-las-jornadas-de-la-nueva-asociacion-gat-navarra","status":"publish","type":"post","link":"http:\/\/www.aite-extremadura.org\/blog\/exito-de-las-jornadas-de-la-nueva-asociacion-gat-navarra\/","title":{"rendered":"Exito de las Jornadas de la nueva asociacion GAT Navarra"},"content":{"rendered":"<p>Han finalizado con \u00e9xito las Jornadas de Atenci\u00f3n Temprana: Un proyecto de futuro en Navarra, organizadas por la nueva Asociaci\u00f3n de profesionales de esta comunidad <a href=\"http:\/\/gatnavarra.jimdo.com\/\">(GAT Navarra)<\/a>. En ella han participado como ponentes grandes profesionales como la Dra. Carmen Pall\u00e0s, jefa de Neonatolog\u00eda en el Hospital Universitario 12 de Octubre de Madrid, o el profesor Climent Gin\u00e9, Decano de la Facultad de Psicolog\u00eda de la Universidad Ram\u00f3n Llull y miembro del comit\u00e9 de coordinaci\u00f3n de la Sociedad Internacional de Atenci\u00f3n Temprana. Adem\u00e1s se trat\u00f3 el tema de la primera noticia del diagn\u00f3stico en una mesa de padres.<br \/>Pod\u00e9is encontrar las ponencias en el siguiente enlace<a href=\"http:\/\/gatnavarra.jimdo.com\/jornadas-noviembre-2011-ponencias\/\"> GAT NAVARRA<\/a>.<\/p>\n<div style=\"clear: both; text-align: center;\"><a href=\"http:\/\/www.aite-extremadura.org\/blog\/wp-content\/uploads\/2011\/11\/INAG.jpg\" style=\"margin-left: 1em; margin-right: 1em;\"><img loading=\"lazy\" decoding=\"async\" border=\"0\" height=\"240\" src=\"http:\/\/www.aite-extremadura.org\/blog\/wp-content\/uploads\/2011\/11\/INAG-300x225.jpg\" width=\"320\" \/><\/a><\/div>\n<div style=\"clear: both; text-align: center;\">Presentaci\u00f3n de las Jornadas<\/div>\n<p><\/p>\n<div style=\"clear: both; text-align: center;\"><a href=\"http:\/\/www.aite-extremadura.org\/blog\/wp-content\/uploads\/2011\/11\/IMG_1399.jpg\" style=\"margin-left: 1em; margin-right: 1em;\"><img loading=\"lazy\" decoding=\"async\" border=\"0\" height=\"240\" src=\"http:\/\/www.aite-extremadura.org\/blog\/wp-content\/uploads\/2011\/11\/IMG_1399-300x225.jpg\" width=\"320\" \/><\/a><\/div>\n<div style=\"clear: both; text-align: center;\">Profesor Ciment Gin\u00e8<\/div>\n<p><\/p>\n<div style=\"clear: both; text-align: center;\"><a href=\"http:\/\/www.aite-extremadura.org\/blog\/wp-content\/uploads\/2011\/11\/KEKA-PALLAS.jpg\" style=\"margin-left: 1em; margin-right: 1em;\"><img loading=\"lazy\" decoding=\"async\" border=\"0\" height=\"240\" src=\"http:\/\/www.aite-extremadura.org\/blog\/wp-content\/uploads\/2011\/11\/KEKA-PALLAS-300x225.jpg\" width=\"320\" \/><\/a><\/div>\n<div style=\"clear: both; text-align: center;\">Dra. Carmen Pall\u00e0s<\/div>\n","protected":false},"excerpt":{"rendered":"<p>Han finalizado con \u00e9xito las Jornadas de Atenci\u00f3n Temprana: Un proyecto de futuro en Navarra, organizadas por la nueva Asociaci\u00f3n de profesionales de esta comunidad (GAT Navarra). En ella han participado como ponentes grandes profesionales como la Dra. Carmen Pall\u00e0s, jefa de Neonatolog\u00eda en el Hospital Universitario 12 de Octubre de Madrid, o el profesor [&hellip;]<\/p>\n","protected":false},"author":1,"featured_media":230,"comment_status":"closed","ping_status":"open","sticky":false,"template":"","format":"standard","meta":{"_monsterinsights_skip_tracking":false,"_monsterinsights_sitenote_active":false,"_monsterinsights_sitenote_note":"","_monsterinsights_sitenote_category":0,"footnotes":""},"categories":[6],"tags":[],"class_list":["post-42","post","type-post","status-publish","format-standard","has-post-thumbnail","hentry","category-jornadas"],"_links":{"self":[{"href":"http:\/\/www.aite-extremadura.org\/blog\/wp-json\/wp\/v2\/posts\/42","targetHints":{"allow":["GET"]}}],"collection":[{"href":"http:\/\/www.aite-extremadura.org\/blog\/wp-json\/wp\/v2\/posts"}],"about":[{"href":"http:\/\/www.aite-extremadura.org\/blog\/wp-json\/wp\/v2\/types\/post"}],"author":[{"embeddable":true,"href":"http:\/\/www.aite-extremadura.org\/blog\/wp-json\/wp\/v2\/users\/1"}],"replies":[{"embeddable":true,"href":"http:\/\/www.aite-extremadura.org\/blog\/wp-json\/wp\/v2\/comments?post=42"}],"version-history":[{"count":1,"href":"http:\/\/www.aite-extremadura.org\/blog\/wp-json\/wp\/v2\/posts\/42\/revisions"}],"predecessor-version":[{"id":445,"href":"http:\/\/www.aite-extremadura.org\/blog\/wp-json\/wp\/v2\/posts\/42\/revisions\/445"}],"wp:featuredmedia":[{"embeddable":true,"href":"http:\/\/www.aite-extremadura.org\/blog\/wp-json\/wp\/v2\/media\/230"}],"wp:attachment":[{"href":"http:\/\/www.aite-extremadura.org\/blog\/wp-json\/wp\/v2\/media?parent=42"}],"wp:term":[{"taxonomy":"category","embeddable":true,"href":"http:\/\/www.aite-extremadura.org\/blog\/wp-json\/wp\/v2\/categories?post=42"},{"taxonomy":"post_tag","embeddable":true,"href":"http:\/\/www.aite-extremadura.org\/blog\/wp-json\/wp\/v2\/tags?post=42"}],"curies":[{"name":"wp","href":"https:\/\/api.w.org\/{rel}","templated":true}]}}