{"id":4,"date":"2014-04-23T10:43:00","date_gmt":"2014-04-23T10:43:00","guid":{"rendered":"http:\/\/www.aite-extremadura.org\/blog\/?p=4"},"modified":"2018-05-09T23:39:08","modified_gmt":"2018-05-09T22:39:08","slug":"conceden-el-premio-reina-sofia-al-gat","status":"publish","type":"post","link":"http:\/\/www.aite-extremadura.org\/blog\/conceden-el-premio-reina-sofia-al-gat\/","title":{"rendered":"Conceden el Premio Reina Sof\u00eda al GAT"},"content":{"rendered":"<p><span style=\"font-family: inherit;\">El pasado 1 de Abril, la Federaci\u00f3n Estatal de Asociaciones de Profesionales de Atenci\u00f3n Temprana, recib\u00eda el Premio Reina Sof\u00eda de Rehabilitaci\u00f3n e Integraci\u00f3n, premio que compart\u00edan con el catedr\u00e1tico en Psicolog\u00eda Miguel \u00c1ngel Verdugo.<\/span><span style=\"font-family: inherit;\"><br \/><\/span><span style=\"font-family: inherit;\"><br \/><\/span><span style=\"font-family: inherit;\">El premio al GAT se  otorga por la apuesta a la labor de investigaci\u00f3n en Atenci\u00f3n Temprana fundamental para el desarrollo del ni\u00f1o con dificultades o riesgo de padecerlas, unificando criterios de desarrollo en todas las Comunidades Aut\u00f3nomas. Entre sus trabajos resalta la Organizaci\u00f3n Diagn\u00f3stica de la Atenci\u00f3n Temprana (ODAT), clasificaci\u00f3n que ordena las situaciones de riesgo y los trastornos que pueden darse en la edad infantil de cero a seis a\u00f1os as\u00ed como los recursos y apoyos disponibles incluyendo un proceso de validaci\u00f3n a nivel nacional.<\/span><span style=\"font-family: inherit;\"><br \/><\/span><span style=\"font-family: inherit;\"><br \/><\/span><span style=\"font-family: inherit;\">Estos premios se convocan con la finalidad de recompensar una labor continuada, llevada a cabo en un per\u00edodo de tiempo no inferior a diez a\u00f1os en la investigaci\u00f3n cient\u00edfico-t\u00e9cnica en el campo de la rehabilitaci\u00f3n de la discapacidad, en sus distintas facetas, y  en el orden a la integraci\u00f3n de las personas en la sociedad.<\/span><span style=\"font-family: inherit;\"><br \/><\/span><span style=\"font-family: inherit;\"><br \/><\/span><span style=\"font-family: inherit;\">AITE, como Asociaci\u00f3n perteneciente al GAT, se enorgullece de este premio y quiere dar la enhorabuena a todos aquellos que lo han hecho posible.<br \/> <\/span><span style=\"font-family: inherit;\"><br \/><\/span><span style=\"font-family: inherit;\"><br \/><\/span><span style=\"font-family: inherit;\"><a href=\"http:\/\/www.gat-atenciontemprana.org\/\">P\u00e1gina web del GAT<\/a><\/span><\/p>\n<div style=\"clear: both; text-align: center;\"><a href=\"http:\/\/www.aite-extremadura.org\/blog\/wp-content\/uploads\/2014\/04\/reinasofiacopyright.jpg\" style=\"margin-left: 1em; margin-right: 1em;\"><img loading=\"lazy\" decoding=\"async\" border=\"0\" src=\"http:\/\/www.aite-extremadura.org\/blog\/wp-content\/uploads\/2014\/04\/reinasofiacopyright.jpg\" height=\"222\" width=\"320\" \/><\/a><\/div>\n<div style=\"background-color: white; border: 0px; color: #444444; font-family: 'Helvetica Neue', Helvetica, Arial, sans-serif; font-size: 12px; line-height: 21px; margin-bottom: 1.75em; outline: 0px; padding: 0px; vertical-align: baseline;\"><\/div>\n","protected":false},"excerpt":{"rendered":"<p>El pasado 1 de Abril, la Federaci\u00f3n Estatal de Asociaciones de Profesionales de Atenci\u00f3n Temprana, recib\u00eda el Premio Reina Sof\u00eda de Rehabilitaci\u00f3n e Integraci\u00f3n, premio que compart\u00edan con el catedr\u00e1tico en Psicolog\u00eda Miguel \u00c1ngel Verdugo.El premio al GAT se otorga por la apuesta a la labor de investigaci\u00f3n en Atenci\u00f3n Temprana fundamental para el desarrollo [&hellip;]<\/p>\n","protected":false},"author":1,"featured_media":195,"comment_status":"closed","ping_status":"open","sticky":false,"template":"","format":"standard","meta":{"_monsterinsights_skip_tracking":false,"_monsterinsights_sitenote_active":false,"_monsterinsights_sitenote_note":"","_monsterinsights_sitenote_category":0,"footnotes":""},"categories":[1],"tags":[],"class_list":["post-4","post","type-post","status-publish","format-standard","has-post-thumbnail","hentry","category-sin-categoria"],"_links":{"self":[{"href":"http:\/\/www.aite-extremadura.org\/blog\/wp-json\/wp\/v2\/posts\/4","targetHints":{"allow":["GET"]}}],"collection":[{"href":"http:\/\/www.aite-extremadura.org\/blog\/wp-json\/wp\/v2\/posts"}],"about":[{"href":"http:\/\/www.aite-extremadura.org\/blog\/wp-json\/wp\/v2\/types\/post"}],"author":[{"embeddable":true,"href":"http:\/\/www.aite-extremadura.org\/blog\/wp-json\/wp\/v2\/users\/1"}],"replies":[{"embeddable":true,"href":"http:\/\/www.aite-extremadura.org\/blog\/wp-json\/wp\/v2\/comments?post=4"}],"version-history":[{"count":1,"href":"http:\/\/www.aite-extremadura.org\/blog\/wp-json\/wp\/v2\/posts\/4\/revisions"}],"predecessor-version":[{"id":410,"href":"http:\/\/www.aite-extremadura.org\/blog\/wp-json\/wp\/v2\/posts\/4\/revisions\/410"}],"wp:featuredmedia":[{"embeddable":true,"href":"http:\/\/www.aite-extremadura.org\/blog\/wp-json\/wp\/v2\/media\/195"}],"wp:attachment":[{"href":"http:\/\/www.aite-extremadura.org\/blog\/wp-json\/wp\/v2\/media?parent=4"}],"wp:term":[{"taxonomy":"category","embeddable":true,"href":"http:\/\/www.aite-extremadura.org\/blog\/wp-json\/wp\/v2\/categories?post=4"},{"taxonomy":"post_tag","embeddable":true,"href":"http:\/\/www.aite-extremadura.org\/blog\/wp-json\/wp\/v2\/tags?post=4"}],"curies":[{"name":"wp","href":"https:\/\/api.w.org\/{rel}","templated":true}]}}