{"id":387,"date":"2015-10-26T12:10:24","date_gmt":"2015-10-26T11:10:24","guid":{"rendered":"http:\/\/www.aite-extremadura.org\/blog\/?p=387"},"modified":"2018-05-09T23:39:08","modified_gmt":"2018-05-09T22:39:08","slug":"vii-congreso-interdisciplinar-de-atencion-temprana","status":"publish","type":"post","link":"http:\/\/www.aite-extremadura.org\/blog\/vii-congreso-interdisciplinar-de-atencion-temprana\/","title":{"rendered":"VII Congreso Interdisciplinar de Atenci\u00f3n Temprana"},"content":{"rendered":"<p><strong>La Federaci\u00f3n Estatal de Asociaciones de Profesionales de Atenci\u00f3n Temprana de Espa\u00f1a (GAT &#8211; Atenci\u00f3n Temprana) celebr\u00f3 su \u00faltimo congreso los d\u00edas 23 y 24 de octubre en la localidad de Elche (Alicante).<\/strong><\/p>\n<p><a href=\"http:\/\/www.aite-extremadura.org\/blog\/wp-content\/uploads\/2015\/12\/Cartel-Congreso-Alicante.jpg\"><img loading=\"lazy\" decoding=\"async\" class=\"alignright wp-image-388 size-medium\" src=\"http:\/\/www.aite-extremadura.org\/blog\/wp-content\/uploads\/2015\/12\/Cartel-Congreso-Alicante-212x300.jpg\" alt=\"Cartel Congreso Alicante\" width=\"212\" height=\"300\" srcset=\"http:\/\/www.aite-extremadura.org\/blog\/wp-content\/uploads\/2015\/12\/Cartel-Congreso-Alicante-212x300.jpg 212w, http:\/\/www.aite-extremadura.org\/blog\/wp-content\/uploads\/2015\/12\/Cartel-Congreso-Alicante.jpg 628w\" sizes=\"auto, (max-width: 212px) 100vw, 212px\" \/><\/a>En \u00e9l se han celebrado mesas redondas, ponencias, talleres y comunicaciones libres, como en anteriores ocasiones de \u00e9ste congreso. Cabe destacar la gran participaci\u00f3n, gracias en parte a que su inscripci\u00f3n era gratuita.<\/p>\n<p>El programa contemplaba distintas actividades:<\/p>\n<ul>\n<li><strong>Conferencia<\/strong> \u00abObservaci\u00f3n y an\u00e1lisis de las interacciones tempranas padres-beb\u00e9s\u00bb.<\/li>\n<li><strong>Conferencia<\/strong> \u00abParentalidad positiva: un nuevo enfoque para el trabajo con familias\u00bb.<\/li>\n<li><strong>Conferencia<\/strong> \u00abAportaciones inform\u00e1ticas para la gesti\u00f3n de datos en Atenci\u00f3n Temprana\u00bb.<\/li>\n<li><strong>Conferencia<\/strong> \u00abLa primera noticia en Atenci\u00f3n Temprana\u00bb.<\/li>\n<li><strong>Mesa redonda<\/strong> \u00abNuevas tecnolog\u00edas en Atenci\u00f3n Temprana: Recursos \u00fatiles\u00bb.<\/li>\n<li><strong>Taller de preguntas al experto<\/strong>: Modelos, Pseudomodelos y Burbujas Terap\u00e9uticas en Atenci\u00f3n Temprana.<\/li>\n<li><strong>Mesa redonda<\/strong> \u00abAtenci\u00f3n Temprana en el \u00e1mbito sanitario\u00bb.<\/li>\n<\/ul>\n<p>Adem\u00e1s, se dedicc\u00f3 tiempo a las comunicaciones libres y tambi\u00e9n se celebrar\u00f3 una Asamblea de Federaci\u00f3n Estatal de Asociaciones de Profesionales de Atenci\u00f3n Temprana (GAT-Atenci\u00f3n Temprana).<\/p>\n<p>&nbsp;<\/p>\n","protected":false},"excerpt":{"rendered":"<p>La Federaci\u00f3n Estatal de Asociaciones de Profesionales de Atenci\u00f3n Temprana de Espa\u00f1a (GAT &#8211; Atenci\u00f3n Temprana) celebr\u00f3 su \u00faltimo congreso los d\u00edas 23 y 24 de octubre en la localidad de Elche (Alicante). En \u00e9l se han celebrado mesas redondas, ponencias, talleres y comunicaciones libres, como en anteriores ocasiones de \u00e9ste congreso. Cabe destacar la [&hellip;]<\/p>\n","protected":false},"author":1,"featured_media":390,"comment_status":"closed","ping_status":"open","sticky":false,"template":"","format":"standard","meta":{"_monsterinsights_skip_tracking":false,"_monsterinsights_sitenote_active":false,"_monsterinsights_sitenote_note":"","_monsterinsights_sitenote_category":0,"footnotes":""},"categories":[10,5,8,6],"tags":[],"class_list":["post-387","post","type-post","status-publish","format-standard","has-post-thumbnail","hentry","category-conferencias","category-congresos","category-informacion-de-interes","category-jornadas"],"_links":{"self":[{"href":"http:\/\/www.aite-extremadura.org\/blog\/wp-json\/wp\/v2\/posts\/387","targetHints":{"allow":["GET"]}}],"collection":[{"href":"http:\/\/www.aite-extremadura.org\/blog\/wp-json\/wp\/v2\/posts"}],"about":[{"href":"http:\/\/www.aite-extremadura.org\/blog\/wp-json\/wp\/v2\/types\/post"}],"author":[{"embeddable":true,"href":"http:\/\/www.aite-extremadura.org\/blog\/wp-json\/wp\/v2\/users\/1"}],"replies":[{"embeddable":true,"href":"http:\/\/www.aite-extremadura.org\/blog\/wp-json\/wp\/v2\/comments?post=387"}],"version-history":[{"count":1,"href":"http:\/\/www.aite-extremadura.org\/blog\/wp-json\/wp\/v2\/posts\/387\/revisions"}],"predecessor-version":[{"id":389,"href":"http:\/\/www.aite-extremadura.org\/blog\/wp-json\/wp\/v2\/posts\/387\/revisions\/389"}],"wp:featuredmedia":[{"embeddable":true,"href":"http:\/\/www.aite-extremadura.org\/blog\/wp-json\/wp\/v2\/media\/390"}],"wp:attachment":[{"href":"http:\/\/www.aite-extremadura.org\/blog\/wp-json\/wp\/v2\/media?parent=387"}],"wp:term":[{"taxonomy":"category","embeddable":true,"href":"http:\/\/www.aite-extremadura.org\/blog\/wp-json\/wp\/v2\/categories?post=387"},{"taxonomy":"post_tag","embeddable":true,"href":"http:\/\/www.aite-extremadura.org\/blog\/wp-json\/wp\/v2\/tags?post=387"}],"curies":[{"name":"wp","href":"https:\/\/api.w.org\/{rel}","templated":true}]}}