{"id":38,"date":"2011-12-09T07:44:00","date_gmt":"2011-12-09T07:44:00","guid":{"rendered":"http:\/\/www.aite-extremadura.org\/blog\/?p=38"},"modified":"2018-05-09T23:39:09","modified_gmt":"2018-05-09T22:39:09","slug":"agencia-europea-para-el-desarrollo-de-la-educacion-especial","status":"publish","type":"post","link":"http:\/\/www.aite-extremadura.org\/blog\/agencia-europea-para-el-desarrollo-de-la-educacion-especial\/","title":{"rendered":"Agencia Europea para el Desarrollo de la Educaci\u00f3n Especial"},"content":{"rendered":"<p>La Agencia Europea para el Desarrollo de la Educaci\u00f3n Especial (European Agency for Development in Special Needs Education) es un organismo independiente y aut\u00f3nomo establecido por los pa\u00edses miembros para actuar como plataforma para la colaboraci\u00f3n en relaci\u00f3n con el desarrollo de los alumnos con necesidades educativas especiales.<\/p>\n<p>P\u00e1gina web: <a href=\"http:\/\/www.european-agency.org\/\">EUROPEAN AGENCY FOR DEVELOPMENT IN SPECIAL NEEDS EDUCATION<\/a><\/p>\n<div style=\"clear: both; text-align: center;\"><a href=\"http:\/\/www.aite-extremadura.org\/blog\/wp-content\/uploads\/2011\/12\/387935.jpg\" style=\"margin-left: 1em; margin-right: 1em;\"><img loading=\"lazy\" decoding=\"async\" border=\"0\" height=\"222\" src=\"http:\/\/www.aite-extremadura.org\/blog\/wp-content\/uploads\/2011\/12\/387935-300x208.jpg\" width=\"320\" \/><\/a><\/div>\n","protected":false},"excerpt":{"rendered":"<p>La Agencia Europea para el Desarrollo de la Educaci\u00f3n Especial (European Agency for Development in Special Needs Education) es un organismo independiente y aut\u00f3nomo establecido por los pa\u00edses miembros para actuar como plataforma para la colaboraci\u00f3n en relaci\u00f3n con el desarrollo de los alumnos con necesidades educativas especiales. P\u00e1gina web: EUROPEAN AGENCY FOR DEVELOPMENT IN [&hellip;]<\/p>\n","protected":false},"author":1,"featured_media":226,"comment_status":"closed","ping_status":"open","sticky":false,"template":"","format":"standard","meta":{"_monsterinsights_skip_tracking":false,"_monsterinsights_sitenote_active":false,"_monsterinsights_sitenote_note":"","_monsterinsights_sitenote_category":0,"footnotes":""},"categories":[8,9],"tags":[],"class_list":["post-38","post","type-post","status-publish","format-standard","has-post-thumbnail","hentry","category-informacion-de-interes","category-paginas-de-interes"],"_links":{"self":[{"href":"http:\/\/www.aite-extremadura.org\/blog\/wp-json\/wp\/v2\/posts\/38","targetHints":{"allow":["GET"]}}],"collection":[{"href":"http:\/\/www.aite-extremadura.org\/blog\/wp-json\/wp\/v2\/posts"}],"about":[{"href":"http:\/\/www.aite-extremadura.org\/blog\/wp-json\/wp\/v2\/types\/post"}],"author":[{"embeddable":true,"href":"http:\/\/www.aite-extremadura.org\/blog\/wp-json\/wp\/v2\/users\/1"}],"replies":[{"embeddable":true,"href":"http:\/\/www.aite-extremadura.org\/blog\/wp-json\/wp\/v2\/comments?post=38"}],"version-history":[{"count":1,"href":"http:\/\/www.aite-extremadura.org\/blog\/wp-json\/wp\/v2\/posts\/38\/revisions"}],"predecessor-version":[{"id":441,"href":"http:\/\/www.aite-extremadura.org\/blog\/wp-json\/wp\/v2\/posts\/38\/revisions\/441"}],"wp:featuredmedia":[{"embeddable":true,"href":"http:\/\/www.aite-extremadura.org\/blog\/wp-json\/wp\/v2\/media\/226"}],"wp:attachment":[{"href":"http:\/\/www.aite-extremadura.org\/blog\/wp-json\/wp\/v2\/media?parent=38"}],"wp:term":[{"taxonomy":"category","embeddable":true,"href":"http:\/\/www.aite-extremadura.org\/blog\/wp-json\/wp\/v2\/categories?post=38"},{"taxonomy":"post_tag","embeddable":true,"href":"http:\/\/www.aite-extremadura.org\/blog\/wp-json\/wp\/v2\/tags?post=38"}],"curies":[{"name":"wp","href":"https:\/\/api.w.org\/{rel}","templated":true}]}}