{"id":37,"date":"2011-12-10T23:04:00","date_gmt":"2011-12-10T23:04:00","guid":{"rendered":"http:\/\/www.aite-extremadura.org\/blog\/?p=37"},"modified":"2018-05-09T23:39:09","modified_gmt":"2018-05-09T22:39:09","slug":"curso-de-psicomotricidad-organizado-por-coptoex","status":"publish","type":"post","link":"http:\/\/www.aite-extremadura.org\/blog\/curso-de-psicomotricidad-organizado-por-coptoex\/","title":{"rendered":"Curso de Psicomotricidad organizado por COPTOEX"},"content":{"rendered":"<p>El Colegio Oficial de Terapeutas Ocupacionales de Extremadura, COPTOEX, organiza un Curso de Psicomotricidad en C\u00e1ceres con una duraci\u00f3n de Enero a Junio de 2012 y un total de 150 horas.<br \/>Ten\u00e9is toda la informaci\u00f3n del curso en este <a href=\"http:\/\/www.terapeutas-ocupacionales.es\/assets\/files\/Curso%20Psicomotricidad%20COPTOEX.pdf\">ENLACE<\/a>.<\/p>\n<p>Tambi\u00e9n os facilitamos el enlace a la<a href=\"http:\/\/www.terapeutas-ocupacionales.es\/coptoex\/formacion1\"> P\u00e1gina de COPTOEX<\/a>.<\/p>\n<div style=\"clear: both; text-align: center;\"><a href=\"http:\/\/www.aite-extremadura.org\/blog\/wp-content\/uploads\/2011\/12\/descarga.jpg\" style=\"margin-left: 1em; margin-right: 1em;\"><img decoding=\"async\" border=\"0\" src=\"http:\/\/www.aite-extremadura.org\/blog\/wp-content\/uploads\/2011\/12\/descarga.jpg\" \/><\/a><\/div>\n","protected":false},"excerpt":{"rendered":"<p>El Colegio Oficial de Terapeutas Ocupacionales de Extremadura, COPTOEX, organiza un Curso de Psicomotricidad en C\u00e1ceres con una duraci\u00f3n de Enero a Junio de 2012 y un total de 150 horas.Ten\u00e9is toda la informaci\u00f3n del curso en este ENLACE. Tambi\u00e9n os facilitamos el enlace a la P\u00e1gina de COPTOEX.<\/p>\n","protected":false},"author":1,"featured_media":225,"comment_status":"closed","ping_status":"open","sticky":false,"template":"","format":"standard","meta":{"_monsterinsights_skip_tracking":false,"_monsterinsights_sitenote_active":false,"_monsterinsights_sitenote_note":"","_monsterinsights_sitenote_category":0,"footnotes":""},"categories":[3],"tags":[],"class_list":["post-37","post","type-post","status-publish","format-standard","has-post-thumbnail","hentry","category-cursos"],"_links":{"self":[{"href":"http:\/\/www.aite-extremadura.org\/blog\/wp-json\/wp\/v2\/posts\/37","targetHints":{"allow":["GET"]}}],"collection":[{"href":"http:\/\/www.aite-extremadura.org\/blog\/wp-json\/wp\/v2\/posts"}],"about":[{"href":"http:\/\/www.aite-extremadura.org\/blog\/wp-json\/wp\/v2\/types\/post"}],"author":[{"embeddable":true,"href":"http:\/\/www.aite-extremadura.org\/blog\/wp-json\/wp\/v2\/users\/1"}],"replies":[{"embeddable":true,"href":"http:\/\/www.aite-extremadura.org\/blog\/wp-json\/wp\/v2\/comments?post=37"}],"version-history":[{"count":1,"href":"http:\/\/www.aite-extremadura.org\/blog\/wp-json\/wp\/v2\/posts\/37\/revisions"}],"predecessor-version":[{"id":440,"href":"http:\/\/www.aite-extremadura.org\/blog\/wp-json\/wp\/v2\/posts\/37\/revisions\/440"}],"wp:featuredmedia":[{"embeddable":true,"href":"http:\/\/www.aite-extremadura.org\/blog\/wp-json\/wp\/v2\/media\/225"}],"wp:attachment":[{"href":"http:\/\/www.aite-extremadura.org\/blog\/wp-json\/wp\/v2\/media?parent=37"}],"wp:term":[{"taxonomy":"category","embeddable":true,"href":"http:\/\/www.aite-extremadura.org\/blog\/wp-json\/wp\/v2\/categories?post=37"},{"taxonomy":"post_tag","embeddable":true,"href":"http:\/\/www.aite-extremadura.org\/blog\/wp-json\/wp\/v2\/tags?post=37"}],"curies":[{"name":"wp","href":"https:\/\/api.w.org\/{rel}","templated":true}]}}