{"id":36,"date":"2011-12-13T16:00:00","date_gmt":"2011-12-13T16:00:00","guid":{"rendered":"http:\/\/www.aite-extremadura.org\/blog\/?p=36"},"modified":"2018-05-09T23:39:09","modified_gmt":"2018-05-09T22:39:09","slug":"leo-con-lula","status":"publish","type":"post","link":"http:\/\/www.aite-extremadura.org\/blog\/leo-con-lula\/","title":{"rendered":"Leo con Lula"},"content":{"rendered":"<p><b>Leo con Lula<\/b> es un m\u00e9todo para trabajar lectura global en ni\u00f1os y ni\u00f1as con Trastornos del Espectro Autista empleando la pizarra digital interactiva como herramienta principal, aunque tambi\u00e9n es posible trabajar en cualquier ordenador.<br \/>Es un m\u00e9todo muy interesante que pod\u00e9is conocer a trav\u00e9s de este blog: <a href=\"http:\/\/leoconlula.com\/\">LEO CON LULA<\/a><\/p>\n<div style=\"clear: both; text-align: center;\"><a href=\"http:\/\/www.aite-extremadura.org\/blog\/wp-content\/uploads\/2011\/12\/cabecera-blog-lula.png\" style=\"margin-left: 1em; margin-right: 1em;\"><img loading=\"lazy\" decoding=\"async\" border=\"0\" height=\"63\" src=\"http:\/\/www.aite-extremadura.org\/blog\/wp-content\/uploads\/2011\/12\/cabecera-blog-lula-300x48.png\" width=\"400\" \/><\/a><\/div>\n","protected":false},"excerpt":{"rendered":"<p>Leo con Lula es un m\u00e9todo para trabajar lectura global en ni\u00f1os y ni\u00f1as con Trastornos del Espectro Autista empleando la pizarra digital interactiva como herramienta principal, aunque tambi\u00e9n es posible trabajar en cualquier ordenador.Es un m\u00e9todo muy interesante que pod\u00e9is conocer a trav\u00e9s de este blog: LEO CON LULA<\/p>\n","protected":false},"author":1,"featured_media":224,"comment_status":"closed","ping_status":"open","sticky":false,"template":"","format":"standard","meta":{"_monsterinsights_skip_tracking":false,"_monsterinsights_sitenote_active":false,"_monsterinsights_sitenote_note":"","_monsterinsights_sitenote_category":0,"footnotes":""},"categories":[9],"tags":[],"class_list":["post-36","post","type-post","status-publish","format-standard","has-post-thumbnail","hentry","category-paginas-de-interes"],"_links":{"self":[{"href":"http:\/\/www.aite-extremadura.org\/blog\/wp-json\/wp\/v2\/posts\/36","targetHints":{"allow":["GET"]}}],"collection":[{"href":"http:\/\/www.aite-extremadura.org\/blog\/wp-json\/wp\/v2\/posts"}],"about":[{"href":"http:\/\/www.aite-extremadura.org\/blog\/wp-json\/wp\/v2\/types\/post"}],"author":[{"embeddable":true,"href":"http:\/\/www.aite-extremadura.org\/blog\/wp-json\/wp\/v2\/users\/1"}],"replies":[{"embeddable":true,"href":"http:\/\/www.aite-extremadura.org\/blog\/wp-json\/wp\/v2\/comments?post=36"}],"version-history":[{"count":1,"href":"http:\/\/www.aite-extremadura.org\/blog\/wp-json\/wp\/v2\/posts\/36\/revisions"}],"predecessor-version":[{"id":439,"href":"http:\/\/www.aite-extremadura.org\/blog\/wp-json\/wp\/v2\/posts\/36\/revisions\/439"}],"wp:featuredmedia":[{"embeddable":true,"href":"http:\/\/www.aite-extremadura.org\/blog\/wp-json\/wp\/v2\/media\/224"}],"wp:attachment":[{"href":"http:\/\/www.aite-extremadura.org\/blog\/wp-json\/wp\/v2\/media?parent=36"}],"wp:term":[{"taxonomy":"category","embeddable":true,"href":"http:\/\/www.aite-extremadura.org\/blog\/wp-json\/wp\/v2\/categories?post=36"},{"taxonomy":"post_tag","embeddable":true,"href":"http:\/\/www.aite-extremadura.org\/blog\/wp-json\/wp\/v2\/tags?post=36"}],"curies":[{"name":"wp","href":"https:\/\/api.w.org\/{rel}","templated":true}]}}