{"id":35,"date":"2011-12-28T09:31:00","date_gmt":"2011-12-28T09:31:00","guid":{"rendered":"http:\/\/www.aite-extremadura.org\/blog\/?p=35"},"modified":"2018-05-09T23:39:09","modified_gmt":"2018-05-09T22:39:09","slug":"i-foro-de-neuropsicologia-y-discapacidad","status":"publish","type":"post","link":"http:\/\/www.aite-extremadura.org\/blog\/i-foro-de-neuropsicologia-y-discapacidad\/","title":{"rendered":"I Foro de Neuropsicolog\u00eda y Discapacidad"},"content":{"rendered":"<div style=\"clear: both; text-align: center;\"><a href=\"http:\/\/www.downmadrid.es\/contenido\/Formacion_Nuevo\/Foro_de_Neuropsicologia_y_Discapacidad\"><img loading=\"lazy\" decoding=\"async\" border=\"0\" height=\"133\" src=\"http:\/\/www.aite-extremadura.org\/blog\/wp-content\/uploads\/2011\/12\/ForoNeuro359x150-300x125.jpg\" width=\"320\" \/><\/a><\/div>\n<div style=\"clear: both; text-align: center;\"><\/div>\n<div style=\"clear: both; text-align: left;\">La Fundaci\u00f3n S\u00edndrome de Down de Madrid (FSDM) y la Universidad Camilo Jos\u00e9 Cela (UCJC) apuestan por crear espacios en los que se pueden exponer las \u00faltimas evidencias emp\u00edricas y las experiencias de los distintos profesionales especializados en la investigaci\u00f3n neurogen\u00e9tica, neurobiol\u00f3gica y t\u00e9cnicas de neuroimagen, evaluaci\u00f3n e intervenci\u00f3n cognitiva. Es por ello que organizan el I Foro de Neuropsicolog\u00eda y Discapacidad.<\/div>\n<div style=\"clear: both; text-align: left;\"><\/div>\n<div style=\"clear: both; text-align: left;\">Pod\u00e9is acceder a toda la informaci\u00f3n a trav\u00e9s de este <a href=\"http:\/\/www.downmadrid.es\/contenido\/Formacion_Nuevo\/Foro_de_Neuropsicologia_y_Discapacidad\">ENLACE<\/a><\/div>\n<p><span style=\"color: #444343; font-family: Arial, Helvetica, sans-serif;\"><span style=\"font-size: 12px;\"><br \/><\/span><\/span><\/p>\n","protected":false},"excerpt":{"rendered":"<p>La Fundaci\u00f3n S\u00edndrome de Down de Madrid (FSDM) y la Universidad Camilo Jos\u00e9 Cela (UCJC) apuestan por crear espacios en los que se pueden exponer las \u00faltimas evidencias emp\u00edricas y las experiencias de los distintos profesionales especializados en la investigaci\u00f3n neurogen\u00e9tica, neurobiol\u00f3gica y t\u00e9cnicas de neuroimagen, evaluaci\u00f3n e intervenci\u00f3n cognitiva. Es por ello que organizan [&hellip;]<\/p>\n","protected":false},"author":1,"featured_media":223,"comment_status":"closed","ping_status":"open","sticky":false,"template":"","format":"standard","meta":{"_monsterinsights_skip_tracking":false,"_monsterinsights_sitenote_active":false,"_monsterinsights_sitenote_note":"","_monsterinsights_sitenote_category":0,"footnotes":""},"categories":[10],"tags":[],"class_list":["post-35","post","type-post","status-publish","format-standard","has-post-thumbnail","hentry","category-conferencias"],"_links":{"self":[{"href":"http:\/\/www.aite-extremadura.org\/blog\/wp-json\/wp\/v2\/posts\/35","targetHints":{"allow":["GET"]}}],"collection":[{"href":"http:\/\/www.aite-extremadura.org\/blog\/wp-json\/wp\/v2\/posts"}],"about":[{"href":"http:\/\/www.aite-extremadura.org\/blog\/wp-json\/wp\/v2\/types\/post"}],"author":[{"embeddable":true,"href":"http:\/\/www.aite-extremadura.org\/blog\/wp-json\/wp\/v2\/users\/1"}],"replies":[{"embeddable":true,"href":"http:\/\/www.aite-extremadura.org\/blog\/wp-json\/wp\/v2\/comments?post=35"}],"version-history":[{"count":1,"href":"http:\/\/www.aite-extremadura.org\/blog\/wp-json\/wp\/v2\/posts\/35\/revisions"}],"predecessor-version":[{"id":438,"href":"http:\/\/www.aite-extremadura.org\/blog\/wp-json\/wp\/v2\/posts\/35\/revisions\/438"}],"wp:featuredmedia":[{"embeddable":true,"href":"http:\/\/www.aite-extremadura.org\/blog\/wp-json\/wp\/v2\/media\/223"}],"wp:attachment":[{"href":"http:\/\/www.aite-extremadura.org\/blog\/wp-json\/wp\/v2\/media?parent=35"}],"wp:term":[{"taxonomy":"category","embeddable":true,"href":"http:\/\/www.aite-extremadura.org\/blog\/wp-json\/wp\/v2\/categories?post=35"},{"taxonomy":"post_tag","embeddable":true,"href":"http:\/\/www.aite-extremadura.org\/blog\/wp-json\/wp\/v2\/tags?post=35"}],"curies":[{"name":"wp","href":"https:\/\/api.w.org\/{rel}","templated":true}]}}