{"id":34,"date":"2011-12-29T08:42:00","date_gmt":"2011-12-29T08:42:00","guid":{"rendered":"http:\/\/www.aite-extremadura.org\/blog\/?p=34"},"modified":"2018-05-09T23:39:09","modified_gmt":"2018-05-09T22:39:09","slug":"se-publica-en-nivel-iii-de-la-odat","status":"publish","type":"post","link":"http:\/\/www.aite-extremadura.org\/blog\/se-publica-en-nivel-iii-de-la-odat\/","title":{"rendered":"Se publica en Nivel III de la ODAT"},"content":{"rendered":"<div style=\"clear: both; text-align: center;\"><a href=\"http:\/\/www.aite-extremadura.org\/blog\/wp-content\/uploads\/2011\/12\/carpeta_odat2011.jpg\" style=\"margin-left: 1em; margin-right: 1em;\"><img loading=\"lazy\" decoding=\"async\" border=\"0\" height=\"128\" src=\"http:\/\/www.aite-extremadura.org\/blog\/wp-content\/uploads\/2011\/12\/carpeta_odat2011-300x121.jpg\" width=\"320\" \/><\/a><\/div>\n<div style=\"clear: both; text-align: center;\"><\/div>\n<div style=\"clear: both; text-align: left;\">La Organizaci\u00f3n Diagn\u00f3stica para la Atenci\u00f3n Temprana se inici\u00f3 como un proyecto para subsanar la falta de una clasificaci\u00f3n diagn\u00f3stica que incluyera toda la amplia gama de demandas de atenci\u00f3n que se est\u00e1n recibiendo en los Centros de Atenci\u00f3n Temprana.<\/div>\n<div style=\"clear: both; text-align: left;\">El trabajo empez\u00f3 desde una postura ecl\u00e9ctica, con el fin de recoger en una sola clasificaci\u00f3n el contenido de las distintas taxonom\u00edas diagn\u00f3sticas al uso sobre trastornos infantiles. Finalmente se ha conseguido una estructura que recoge los factores de riesgo, los trastornos y las intervenciones, pero que adem\u00e1s trasciende en su objetivo inicial y adquiere la capacidad de convertirse en un instrumento para la Gesti\u00f3n de la Informaci\u00f3n en Atenci\u00f3n Temprana. Podr\u00edamos definir esta ODAT, completa con tres niveles, como un veh\u00edculo de s\u00edntesis que re\u00fane los requisitos b\u00e1sicos para la gesti\u00f3n de la informaci\u00f3n referida a los factores de riesgo, a los trastornos, los recursos, las necesidades y los apoyos, organizados a partir del ni\u00f1o, la familia o su entorno, con un Conjunto B\u00e1sico M\u00ednimo de Datos referido a la Atenci\u00f3n Temprana.<\/div>\n<div style=\"clear: both; text-align: left;\">Si los Niveles I y II incluyen los Factores de Riesgo y los Trastornos en el Desarrollo, el Nivel III, sobre la Intervenci\u00f3n en Atenci\u00f3n Temprana, hace referencia a los recursos existentes y a los apoyos que se establecen para atender a las necesidades detectadas en el diagn\u00f3stico. Resultando finalmente una estructura multiaxial de tres niveles con tres ejes en cada una, haciendo un total de nueve ejes. Cualquier entidad u organismo que est\u00e9 interesado en la adquisici\u00f3n de la ODAT puede dirigirse a trav\u00e9s de la p\u00e1gina del CEDD para su solicitud:&nbsp;<a href=\"http:\/\/www.cedd.net\/es\/\">http:\/\/www.cedd.net\/es\/<\/a>&nbsp;<\/div>\n<div style=\"clear: both; text-align: left;\"><\/div>\n","protected":false},"excerpt":{"rendered":"<p>La Organizaci\u00f3n Diagn\u00f3stica para la Atenci\u00f3n Temprana se inici\u00f3 como un proyecto para subsanar la falta de una clasificaci\u00f3n diagn\u00f3stica que incluyera toda la amplia gama de demandas de atenci\u00f3n que se est\u00e1n recibiendo en los Centros de Atenci\u00f3n Temprana. El trabajo empez\u00f3 desde una postura ecl\u00e9ctica, con el fin de recoger en una sola [&hellip;]<\/p>\n","protected":false},"author":1,"featured_media":222,"comment_status":"closed","ping_status":"open","sticky":false,"template":"","format":"standard","meta":{"_monsterinsights_skip_tracking":false,"_monsterinsights_sitenote_active":false,"_monsterinsights_sitenote_note":"","_monsterinsights_sitenote_category":0,"footnotes":""},"categories":[2,9],"tags":[],"class_list":["post-34","post","type-post","status-publish","format-standard","has-post-thumbnail","hentry","category-libros","category-paginas-de-interes"],"_links":{"self":[{"href":"http:\/\/www.aite-extremadura.org\/blog\/wp-json\/wp\/v2\/posts\/34","targetHints":{"allow":["GET"]}}],"collection":[{"href":"http:\/\/www.aite-extremadura.org\/blog\/wp-json\/wp\/v2\/posts"}],"about":[{"href":"http:\/\/www.aite-extremadura.org\/blog\/wp-json\/wp\/v2\/types\/post"}],"author":[{"embeddable":true,"href":"http:\/\/www.aite-extremadura.org\/blog\/wp-json\/wp\/v2\/users\/1"}],"replies":[{"embeddable":true,"href":"http:\/\/www.aite-extremadura.org\/blog\/wp-json\/wp\/v2\/comments?post=34"}],"version-history":[{"count":1,"href":"http:\/\/www.aite-extremadura.org\/blog\/wp-json\/wp\/v2\/posts\/34\/revisions"}],"predecessor-version":[{"id":437,"href":"http:\/\/www.aite-extremadura.org\/blog\/wp-json\/wp\/v2\/posts\/34\/revisions\/437"}],"wp:featuredmedia":[{"embeddable":true,"href":"http:\/\/www.aite-extremadura.org\/blog\/wp-json\/wp\/v2\/media\/222"}],"wp:attachment":[{"href":"http:\/\/www.aite-extremadura.org\/blog\/wp-json\/wp\/v2\/media?parent=34"}],"wp:term":[{"taxonomy":"category","embeddable":true,"href":"http:\/\/www.aite-extremadura.org\/blog\/wp-json\/wp\/v2\/categories?post=34"},{"taxonomy":"post_tag","embeddable":true,"href":"http:\/\/www.aite-extremadura.org\/blog\/wp-json\/wp\/v2\/tags?post=34"}],"curies":[{"name":"wp","href":"https:\/\/api.w.org\/{rel}","templated":true}]}}