{"id":33,"date":"2012-01-05T09:16:00","date_gmt":"2012-01-05T09:16:00","guid":{"rendered":"http:\/\/www.aite-extremadura.org\/blog\/?p=33"},"modified":"2018-05-09T23:39:09","modified_gmt":"2018-05-09T22:39:09","slug":"apoyo-al-desarrollo-de-ninos-nacido-demasiado-pequenos-demasiado-pronto","status":"publish","type":"post","link":"http:\/\/www.aite-extremadura.org\/blog\/apoyo-al-desarrollo-de-ninos-nacido-demasiado-pequenos-demasiado-pronto\/","title":{"rendered":"Apoyo al desarrollo de ni\u00f1os nacido demasiado peque\u00f1os, demasiado pronto"},"content":{"rendered":"<div style=\"clear: both; text-align: center;\"><a href=\"http:\/\/www.aprevas.org\/upload\/RSofia2000_56-1.pdf\"><img loading=\"lazy\" decoding=\"async\" border=\"0\" height=\"320\" src=\"http:\/\/www.aite-extremadura.org\/blog\/wp-content\/uploads\/2012\/01\/prematuros-213x300.jpg\" width=\"227\" \/><\/a><\/div>\n<div style=\"clear: both; text-align: center;\"><\/div>\n<div style=\"clear: both; text-align: left;\">Cada a\u00f1o m\u00e1s de 350.000 familias en Espa\u00f1a llevan a sus casas desde el hospital un reci\u00e9n nacido sano que tiene toda la vida por delante, en principio sin limitaciones f\u00edsicas ni ps\u00edquicas. Pero una familia de cada 100 va a tener un hijo demasiado pronto o demasiado peque\u00f1o. En estas ocasiones, el nacimiento del ni\u00f1o no va a a ser un acontecimiento alegre, constituye el principio de un largo camino lleno de incertidumbre y en el que, aunque en la mayor\u00eda de los casos la evoluci\u00f3n del ni\u00f1o va a ser buena, los problemas de salud, las limitaciones motoras, ps\u00edquicas, sensoriales o de otro tipo se concentran de manera alarmante. Anualmente en Espa\u00f1a nacen unos 3.500 ni\u00f1os menores de 1.500 gr. y la tendencia de los \u00faltimos a\u00f1os no hace prever que esta cifra se vaya a modificar<\/div>\n<p>Un buen documento que pod\u00e9is descargaros <a href=\"http:\/\/www.aprevas.org\/upload\/RSofia2000_56-1.pdf\">AQU\u00cd<\/a> y que pod\u00e9is solicitar a trav\u00e9s de la p\u00e1gina del CEDD:&nbsp;<a href=\"http:\/\/www.cedd.net\/es\/\">http:\/\/www.cedd.net\/es\/<\/a><\/p>\n","protected":false},"excerpt":{"rendered":"<p>Cada a\u00f1o m\u00e1s de 350.000 familias en Espa\u00f1a llevan a sus casas desde el hospital un reci\u00e9n nacido sano que tiene toda la vida por delante, en principio sin limitaciones f\u00edsicas ni ps\u00edquicas. Pero una familia de cada 100 va a tener un hijo demasiado pronto o demasiado peque\u00f1o. En estas ocasiones, el nacimiento del [&hellip;]<\/p>\n","protected":false},"author":1,"featured_media":221,"comment_status":"closed","ping_status":"open","sticky":false,"template":"","format":"standard","meta":{"_monsterinsights_skip_tracking":false,"_monsterinsights_sitenote_active":false,"_monsterinsights_sitenote_note":"","_monsterinsights_sitenote_category":0,"footnotes":""},"categories":[2],"tags":[],"class_list":["post-33","post","type-post","status-publish","format-standard","has-post-thumbnail","hentry","category-libros"],"_links":{"self":[{"href":"http:\/\/www.aite-extremadura.org\/blog\/wp-json\/wp\/v2\/posts\/33","targetHints":{"allow":["GET"]}}],"collection":[{"href":"http:\/\/www.aite-extremadura.org\/blog\/wp-json\/wp\/v2\/posts"}],"about":[{"href":"http:\/\/www.aite-extremadura.org\/blog\/wp-json\/wp\/v2\/types\/post"}],"author":[{"embeddable":true,"href":"http:\/\/www.aite-extremadura.org\/blog\/wp-json\/wp\/v2\/users\/1"}],"replies":[{"embeddable":true,"href":"http:\/\/www.aite-extremadura.org\/blog\/wp-json\/wp\/v2\/comments?post=33"}],"version-history":[{"count":1,"href":"http:\/\/www.aite-extremadura.org\/blog\/wp-json\/wp\/v2\/posts\/33\/revisions"}],"predecessor-version":[{"id":436,"href":"http:\/\/www.aite-extremadura.org\/blog\/wp-json\/wp\/v2\/posts\/33\/revisions\/436"}],"wp:featuredmedia":[{"embeddable":true,"href":"http:\/\/www.aite-extremadura.org\/blog\/wp-json\/wp\/v2\/media\/221"}],"wp:attachment":[{"href":"http:\/\/www.aite-extremadura.org\/blog\/wp-json\/wp\/v2\/media?parent=33"}],"wp:term":[{"taxonomy":"category","embeddable":true,"href":"http:\/\/www.aite-extremadura.org\/blog\/wp-json\/wp\/v2\/categories?post=33"},{"taxonomy":"post_tag","embeddable":true,"href":"http:\/\/www.aite-extremadura.org\/blog\/wp-json\/wp\/v2\/tags?post=33"}],"curies":[{"name":"wp","href":"https:\/\/api.w.org\/{rel}","templated":true}]}}