{"id":31,"date":"2012-01-15T22:44:00","date_gmt":"2012-01-15T22:44:00","guid":{"rendered":"http:\/\/www.aite-extremadura.org\/blog\/?p=31"},"modified":"2018-05-09T23:39:09","modified_gmt":"2018-05-09T22:39:09","slug":"deletrea","status":"publish","type":"post","link":"http:\/\/www.aite-extremadura.org\/blog\/deletrea\/","title":{"rendered":"Deletrea"},"content":{"rendered":"<div style=\"clear: both; text-align: left;\">La p\u00e1gina del centro de Psicolog\u00eda y Lenguaje DELETREA nos ofrece recursos y documentos interesantes sobre los Trastornos del Espectro Autista y los Trastornos espec\u00edficos del Lenguaje.&nbsp;<\/div>\n<div style=\"clear: both; text-align: left;\">La informaci\u00f3n es fundamental para mejorar el conocimiento de estos trastornos.&nbsp;La a\u00f1adimos a nuestras p\u00e1ginas de inter\u00e9s.<\/div>\n<div style=\"clear: both; text-align: left;\">Os dejamos su <a href=\"http:\/\/www.deletrea.es\/index.htm\">ENLACE<\/a>.<\/div>\n<div style=\"clear: both; text-align: center;\"><a href=\"http:\/\/www.aite-extremadura.org\/blog\/wp-content\/uploads\/2012\/01\/images-300x132.jpg\" style=\"margin-left: 1em; margin-right: 1em;\"><br \/><\/a><\/div>\n<div style=\"margin-left: 1em; margin-right: 1em; text-align: center;\"><a href=\"http:\/\/www.deletrea.es\/index.htm\"><img decoding=\"async\" border=\"0\" src=\"http:\/\/www.aite-extremadura.org\/blog\/wp-content\/uploads\/2012\/01\/images-300x132.jpg\" \/><\/a><\/div>\n<div><\/div>\n","protected":false},"excerpt":{"rendered":"<p>La p\u00e1gina del centro de Psicolog\u00eda y Lenguaje DELETREA nos ofrece recursos y documentos interesantes sobre los Trastornos del Espectro Autista y los Trastornos espec\u00edficos del Lenguaje.&nbsp; La informaci\u00f3n es fundamental para mejorar el conocimiento de estos trastornos.&nbsp;La a\u00f1adimos a nuestras p\u00e1ginas de inter\u00e9s. Os dejamos su ENLACE.<\/p>\n","protected":false},"author":1,"featured_media":218,"comment_status":"closed","ping_status":"open","sticky":false,"template":"","format":"standard","meta":{"_monsterinsights_skip_tracking":false,"_monsterinsights_sitenote_active":false,"_monsterinsights_sitenote_note":"","_monsterinsights_sitenote_category":0,"footnotes":""},"categories":[9],"tags":[],"class_list":["post-31","post","type-post","status-publish","format-standard","has-post-thumbnail","hentry","category-paginas-de-interes"],"_links":{"self":[{"href":"http:\/\/www.aite-extremadura.org\/blog\/wp-json\/wp\/v2\/posts\/31","targetHints":{"allow":["GET"]}}],"collection":[{"href":"http:\/\/www.aite-extremadura.org\/blog\/wp-json\/wp\/v2\/posts"}],"about":[{"href":"http:\/\/www.aite-extremadura.org\/blog\/wp-json\/wp\/v2\/types\/post"}],"author":[{"embeddable":true,"href":"http:\/\/www.aite-extremadura.org\/blog\/wp-json\/wp\/v2\/users\/1"}],"replies":[{"embeddable":true,"href":"http:\/\/www.aite-extremadura.org\/blog\/wp-json\/wp\/v2\/comments?post=31"}],"version-history":[{"count":1,"href":"http:\/\/www.aite-extremadura.org\/blog\/wp-json\/wp\/v2\/posts\/31\/revisions"}],"predecessor-version":[{"id":434,"href":"http:\/\/www.aite-extremadura.org\/blog\/wp-json\/wp\/v2\/posts\/31\/revisions\/434"}],"wp:featuredmedia":[{"embeddable":true,"href":"http:\/\/www.aite-extremadura.org\/blog\/wp-json\/wp\/v2\/media\/218"}],"wp:attachment":[{"href":"http:\/\/www.aite-extremadura.org\/blog\/wp-json\/wp\/v2\/media?parent=31"}],"wp:term":[{"taxonomy":"category","embeddable":true,"href":"http:\/\/www.aite-extremadura.org\/blog\/wp-json\/wp\/v2\/categories?post=31"},{"taxonomy":"post_tag","embeddable":true,"href":"http:\/\/www.aite-extremadura.org\/blog\/wp-json\/wp\/v2\/tags?post=31"}],"curies":[{"name":"wp","href":"https:\/\/api.w.org\/{rel}","templated":true}]}}