{"id":29,"date":"2012-01-22T20:08:00","date_gmt":"2012-01-22T20:08:00","guid":{"rendered":"http:\/\/www.aite-extremadura.org\/blog\/?p=29"},"modified":"2018-05-09T23:39:09","modified_gmt":"2018-05-09T22:39:09","slug":"iv-congreso-de-la-sefip","status":"publish","type":"post","link":"http:\/\/www.aite-extremadura.org\/blog\/iv-congreso-de-la-sefip\/","title":{"rendered":"IV Congreso de la SEFIP"},"content":{"rendered":"<p>Los pr\u00f3ximos d\u00edas 10, 11 y 12 de Mayo se celebrar\u00e1 en Almer\u00eda el IV Congreso de la Sociedad Espa\u00f1ola de Fisioterapia Pedi\u00e1trica, SEFIP.<br \/>El tema elegido para este congreso es \u00abMetodolog\u00eda y Estrategias de Intervenci\u00f3n basadas en la Evidencia\u00bb y para tratarlo participar\u00e1n en \u00e9l profesionales de prestigio en el campo de la discapacidad y la fisioterapia en pediatr\u00eda.<br \/>Este es el enlace a la web de la SEFIP donde podr\u00e9is encontrar toda la informaci\u00f3n:&nbsp;<a href=\"http:\/\/www.sefip.org\/\">http:\/\/www.sefip.org\/<\/a><br \/>Y aqu\u00ed ten\u00e9is el <a href=\"http:\/\/www.sefip.org\/ficheros\/cursosycongresos\/IVCongresoSefipAlmeria2012\/TripticoIVCongresoSEFIPAlmeria1.pdf\">TRIPTICO 1 <\/a>Y <a href=\"http:\/\/www.sefip.org\/ficheros\/cursosycongresos\/IVCongresoSefipAlmeria2012\/TripticoIVCongresoSEFIPAlmeria2.pdf\">TR\u00cdPTICO 2<\/a> del programa.<\/p>\n<div style=\"clear: both; text-align: center;\"><a href=\"http:\/\/www.aite-extremadura.org\/blog\/wp-content\/uploads\/2012\/01\/Logo-Sefip.jpg\" style=\"margin-left: 1em; margin-right: 1em;\"><img loading=\"lazy\" decoding=\"async\" border=\"0\" height=\"257\" src=\"http:\/\/www.aite-extremadura.org\/blog\/wp-content\/uploads\/2012\/01\/Logo-Sefip-300x242.jpg\" width=\"320\" \/><\/a><\/div>\n","protected":false},"excerpt":{"rendered":"<p>Los pr\u00f3ximos d\u00edas 10, 11 y 12 de Mayo se celebrar\u00e1 en Almer\u00eda el IV Congreso de la Sociedad Espa\u00f1ola de Fisioterapia Pedi\u00e1trica, SEFIP.El tema elegido para este congreso es \u00abMetodolog\u00eda y Estrategias de Intervenci\u00f3n basadas en la Evidencia\u00bb y para tratarlo participar\u00e1n en \u00e9l profesionales de prestigio en el campo de la discapacidad y [&hellip;]<\/p>\n","protected":false},"author":1,"featured_media":217,"comment_status":"closed","ping_status":"open","sticky":false,"template":"","format":"standard","meta":{"_monsterinsights_skip_tracking":false,"_monsterinsights_sitenote_active":false,"_monsterinsights_sitenote_note":"","_monsterinsights_sitenote_category":0,"footnotes":""},"categories":[5,6],"tags":[],"class_list":["post-29","post","type-post","status-publish","format-standard","has-post-thumbnail","hentry","category-congresos","category-jornadas"],"_links":{"self":[{"href":"http:\/\/www.aite-extremadura.org\/blog\/wp-json\/wp\/v2\/posts\/29","targetHints":{"allow":["GET"]}}],"collection":[{"href":"http:\/\/www.aite-extremadura.org\/blog\/wp-json\/wp\/v2\/posts"}],"about":[{"href":"http:\/\/www.aite-extremadura.org\/blog\/wp-json\/wp\/v2\/types\/post"}],"author":[{"embeddable":true,"href":"http:\/\/www.aite-extremadura.org\/blog\/wp-json\/wp\/v2\/users\/1"}],"replies":[{"embeddable":true,"href":"http:\/\/www.aite-extremadura.org\/blog\/wp-json\/wp\/v2\/comments?post=29"}],"version-history":[{"count":1,"href":"http:\/\/www.aite-extremadura.org\/blog\/wp-json\/wp\/v2\/posts\/29\/revisions"}],"predecessor-version":[{"id":432,"href":"http:\/\/www.aite-extremadura.org\/blog\/wp-json\/wp\/v2\/posts\/29\/revisions\/432"}],"wp:featuredmedia":[{"embeddable":true,"href":"http:\/\/www.aite-extremadura.org\/blog\/wp-json\/wp\/v2\/media\/217"}],"wp:attachment":[{"href":"http:\/\/www.aite-extremadura.org\/blog\/wp-json\/wp\/v2\/media?parent=29"}],"wp:term":[{"taxonomy":"category","embeddable":true,"href":"http:\/\/www.aite-extremadura.org\/blog\/wp-json\/wp\/v2\/categories?post=29"},{"taxonomy":"post_tag","embeddable":true,"href":"http:\/\/www.aite-extremadura.org\/blog\/wp-json\/wp\/v2\/tags?post=29"}],"curies":[{"name":"wp","href":"https:\/\/api.w.org\/{rel}","templated":true}]}}