{"id":28,"date":"2012-02-01T10:39:00","date_gmt":"2012-02-01T10:39:00","guid":{"rendered":"http:\/\/www.aite-extremadura.org\/blog\/?p=28"},"modified":"2018-05-09T23:39:09","modified_gmt":"2018-05-09T22:39:09","slug":"ii-carrera-por-las-enfermedades-raras-en-extremadura","status":"publish","type":"post","link":"http:\/\/www.aite-extremadura.org\/blog\/ii-carrera-por-las-enfermedades-raras-en-extremadura\/","title":{"rendered":"II Carrera por las Enfermedades Raras en Extremadura"},"content":{"rendered":"<div style=\"clear: both; text-align: center;\"><a href=\"http:\/\/www.aite-extremadura.org\/blog\/wp-content\/uploads\/2012\/02\/cartel21-214x300.jpg\" style=\"margin-left: 1em; margin-right: 1em;\"><img decoding=\"async\" border=\"0\" src=\"http:\/\/www.aite-extremadura.org\/blog\/wp-content\/uploads\/2012\/02\/cartel21-214x300.jpg\" \/><\/a><\/div>\n<div style=\"clear: both; text-align: center;\"><\/div>\n<p>FEDER Extremadura, con motivo del D\u00eda Mundial de las Enfermedades Raras, impulsado por EURORDIS (Organizaci\u00f3n Europea para Pacientes con Patolog\u00edas de Baja Prevalencia) llevar\u00e1 a cabo varias actividades de difusi\u00f3n y sensibilizaci\u00f3n, y al igual que a\u00f1o pasado est\u00e1n organizando la <b>II Carrera-Caminata por las ER el domingo 26 de Febrero de 2012.<\/b><\/p>\n<p>El plazo m\u00e1ximo de inscripci\u00f3n ser\u00e1 el 23 de Febrero (s\u00f3lo para inscripciones competitivas)<\/p>\n<p>La cuota ser\u00e1 de <b>6 euros<\/b> que se ingresar\u00e1 en la cuenta <b>3009 0088 29 2093758726 <\/b>de FEDER, la entidad bancaria es Caja Rural de Extremadura. Poniendo como concepto el nombre del participante. La cuota en la categor\u00eda chupetines ser\u00e1 de 3 euros. Como requisito indispensable, tras realizar el ingreso deber\u00e1n enviar un correo electr\u00f3nico a <u>carrerafeder@gmail.com<\/u> indicando el nombre, los dos apellidos y la fecha de nacimiento.<\/p>\n<p>O bien podr\u00e1n realizarse inscripciones on line a trav\u00e9s de <a href=\"http:\/\/www.deporticket.com\/\">http:\/\/www.deporticket.com\/<\/a> <\/p>\n<p>Se podr\u00e1 pagar tambi\u00e9n person\u00e1ndose en la oficina de FEDER en Badajoz.<\/p>\n<p>Cada participante recibir\u00e1 una camiseta conmemorativa y avituallamiento.<\/p>\n<p>Para m\u00e1s informaci\u00f3n pueden visitar <a href=\"http:\/\/atletismoextremadura.es\/\">http:\/\/atletismoextremadura.es\/<\/a><\/p>\n","protected":false},"excerpt":{"rendered":"<p>FEDER Extremadura, con motivo del D\u00eda Mundial de las Enfermedades Raras, impulsado por EURORDIS (Organizaci\u00f3n Europea para Pacientes con Patolog\u00edas de Baja Prevalencia) llevar\u00e1 a cabo varias actividades de difusi\u00f3n y sensibilizaci\u00f3n, y al igual que a\u00f1o pasado est\u00e1n organizando la II Carrera-Caminata por las ER el domingo 26 de Febrero de 2012. El plazo [&hellip;]<\/p>\n","protected":false},"author":1,"featured_media":216,"comment_status":"closed","ping_status":"open","sticky":false,"template":"","format":"standard","meta":{"_monsterinsights_skip_tracking":false,"_monsterinsights_sitenote_active":false,"_monsterinsights_sitenote_note":"","_monsterinsights_sitenote_category":0,"footnotes":""},"categories":[7],"tags":[],"class_list":["post-28","post","type-post","status-publish","format-standard","has-post-thumbnail","hentry","category-noticias"],"_links":{"self":[{"href":"http:\/\/www.aite-extremadura.org\/blog\/wp-json\/wp\/v2\/posts\/28","targetHints":{"allow":["GET"]}}],"collection":[{"href":"http:\/\/www.aite-extremadura.org\/blog\/wp-json\/wp\/v2\/posts"}],"about":[{"href":"http:\/\/www.aite-extremadura.org\/blog\/wp-json\/wp\/v2\/types\/post"}],"author":[{"embeddable":true,"href":"http:\/\/www.aite-extremadura.org\/blog\/wp-json\/wp\/v2\/users\/1"}],"replies":[{"embeddable":true,"href":"http:\/\/www.aite-extremadura.org\/blog\/wp-json\/wp\/v2\/comments?post=28"}],"version-history":[{"count":1,"href":"http:\/\/www.aite-extremadura.org\/blog\/wp-json\/wp\/v2\/posts\/28\/revisions"}],"predecessor-version":[{"id":431,"href":"http:\/\/www.aite-extremadura.org\/blog\/wp-json\/wp\/v2\/posts\/28\/revisions\/431"}],"wp:featuredmedia":[{"embeddable":true,"href":"http:\/\/www.aite-extremadura.org\/blog\/wp-json\/wp\/v2\/media\/216"}],"wp:attachment":[{"href":"http:\/\/www.aite-extremadura.org\/blog\/wp-json\/wp\/v2\/media?parent=28"}],"wp:term":[{"taxonomy":"category","embeddable":true,"href":"http:\/\/www.aite-extremadura.org\/blog\/wp-json\/wp\/v2\/categories?post=28"},{"taxonomy":"post_tag","embeddable":true,"href":"http:\/\/www.aite-extremadura.org\/blog\/wp-json\/wp\/v2\/tags?post=28"}],"curies":[{"name":"wp","href":"https:\/\/api.w.org\/{rel}","templated":true}]}}