{"id":27,"date":"2012-02-06T08:03:00","date_gmt":"2012-02-06T08:03:00","guid":{"rendered":"http:\/\/www.aite-extremadura.org\/blog\/?p=27"},"modified":"2018-05-09T23:39:09","modified_gmt":"2018-05-09T22:39:09","slug":"curso-de-formacion-de-educadores-de-masaje-infantil","status":"publish","type":"post","link":"http:\/\/www.aite-extremadura.org\/blog\/curso-de-formacion-de-educadores-de-masaje-infantil\/","title":{"rendered":"Curso de formaci\u00f3n de educadores de Masaje Infantil"},"content":{"rendered":"<div style=\"clear: both; text-align: left;\">Los d\u00edas 8, 9, 10 y 11 de Marzo en Cieza, Murcia, se celebrar\u00e1 el Curso de Formaci\u00f3n de Educadores de Masaje Infantil organizado por la Asociaci\u00f3n de Atenci\u00f3n Temprana de la Regi\u00f3n de Murcia, ATEMP. Ten\u00e9is la informaci\u00f3n en las im\u00e1genes.<\/div>\n<div style=\"clear: both; text-align: center;\"><\/div>\n<div style=\"clear: both; text-align: center;\"><a href=\"http:\/\/www.aite-extremadura.org\/blog\/wp-content\/uploads\/2012\/02\/page0001.jpg\" style=\"margin-left: 1em; margin-right: 1em;\"><img loading=\"lazy\" decoding=\"async\" border=\"0\" height=\"320\" src=\"http:\/\/www.aite-extremadura.org\/blog\/wp-content\/uploads\/2012\/02\/page0001-208x300.jpg\" width=\"221\" \/><\/a><\/div>\n<p><\/p>\n<div style=\"clear: both; text-align: center;\"><a href=\"http:\/\/www.aite-extremadura.org\/blog\/wp-content\/uploads\/2012\/02\/page0001-2-.jpg\" style=\"margin-left: 1em; margin-right: 1em;\"><img loading=\"lazy\" decoding=\"async\" border=\"0\" height=\"320\" src=\"http:\/\/www.aite-extremadura.org\/blog\/wp-content\/uploads\/2012\/02\/page0001-2--212x300.jpg\" width=\"226\" \/><\/a><\/div>\n<p><\/p>\n<div><\/div>\n","protected":false},"excerpt":{"rendered":"<p>Los d\u00edas 8, 9, 10 y 11 de Marzo en Cieza, Murcia, se celebrar\u00e1 el Curso de Formaci\u00f3n de Educadores de Masaje Infantil organizado por la Asociaci\u00f3n de Atenci\u00f3n Temprana de la Regi\u00f3n de Murcia, ATEMP. Ten\u00e9is la informaci\u00f3n en las im\u00e1genes.<\/p>\n","protected":false},"author":1,"featured_media":214,"comment_status":"closed","ping_status":"open","sticky":false,"template":"","format":"standard","meta":{"_monsterinsights_skip_tracking":false,"_monsterinsights_sitenote_active":false,"_monsterinsights_sitenote_note":"","_monsterinsights_sitenote_category":0,"footnotes":""},"categories":[3],"tags":[],"class_list":["post-27","post","type-post","status-publish","format-standard","has-post-thumbnail","hentry","category-cursos"],"_links":{"self":[{"href":"http:\/\/www.aite-extremadura.org\/blog\/wp-json\/wp\/v2\/posts\/27","targetHints":{"allow":["GET"]}}],"collection":[{"href":"http:\/\/www.aite-extremadura.org\/blog\/wp-json\/wp\/v2\/posts"}],"about":[{"href":"http:\/\/www.aite-extremadura.org\/blog\/wp-json\/wp\/v2\/types\/post"}],"author":[{"embeddable":true,"href":"http:\/\/www.aite-extremadura.org\/blog\/wp-json\/wp\/v2\/users\/1"}],"replies":[{"embeddable":true,"href":"http:\/\/www.aite-extremadura.org\/blog\/wp-json\/wp\/v2\/comments?post=27"}],"version-history":[{"count":1,"href":"http:\/\/www.aite-extremadura.org\/blog\/wp-json\/wp\/v2\/posts\/27\/revisions"}],"predecessor-version":[{"id":430,"href":"http:\/\/www.aite-extremadura.org\/blog\/wp-json\/wp\/v2\/posts\/27\/revisions\/430"}],"wp:featuredmedia":[{"embeddable":true,"href":"http:\/\/www.aite-extremadura.org\/blog\/wp-json\/wp\/v2\/media\/214"}],"wp:attachment":[{"href":"http:\/\/www.aite-extremadura.org\/blog\/wp-json\/wp\/v2\/media?parent=27"}],"wp:term":[{"taxonomy":"category","embeddable":true,"href":"http:\/\/www.aite-extremadura.org\/blog\/wp-json\/wp\/v2\/categories?post=27"},{"taxonomy":"post_tag","embeddable":true,"href":"http:\/\/www.aite-extremadura.org\/blog\/wp-json\/wp\/v2\/tags?post=27"}],"curies":[{"name":"wp","href":"https:\/\/api.w.org\/{rel}","templated":true}]}}