{"id":26,"date":"2012-02-17T12:49:00","date_gmt":"2012-02-17T12:49:00","guid":{"rendered":"http:\/\/www.aite-extremadura.org\/blog\/?p=26"},"modified":"2018-05-09T23:39:09","modified_gmt":"2018-05-09T22:39:09","slug":"ix-jornadas-de-atencion-temprana-de-andalucia","status":"publish","type":"post","link":"http:\/\/www.aite-extremadura.org\/blog\/ix-jornadas-de-atencion-temprana-de-andalucia\/","title":{"rendered":"IX Jornadas de Atenci\u00f3n Temprana de Andaluc\u00eda"},"content":{"rendered":"<p>La Asociaci\u00f3n Interprofesional de Atenci\u00f3n Temprana de Andaluc\u00eda, ATAI, organiza las IX Jornadas de Atenci\u00f3n Temprana con el t\u00edtulo \u00abCalidad e Investigaci\u00f3n en Atenci\u00f3n Temprana\u00bb que se celebrar\u00e1n en Sevilla los d\u00edas 16 y 17 de Marzo.<br \/>Toda la informaci\u00f3n en este enlace:<a href=\"http:\/\/www.atenciontemprana-atai.org\/novedades.htm\"> JORNADAS ATAI<\/a><br \/>Enlace al&nbsp;<a href=\"http:\/\/www.atenciontemprana-atai.org\/CURSOS\/CURSOS2012\/PROGRAMA_IX_JORNADAS_AT.pdf\">PROGRAMA<\/a><\/p>\n<div style=\"clear: both; text-align: center;\"><a href=\"http:\/\/www.aite-extremadura.org\/blog\/wp-content\/uploads\/2012\/02\/CARTEL_IX_JORNADAS_AT_WEB.jpg\" style=\"margin-left: 1em; margin-right: 1em;\"><img loading=\"lazy\" decoding=\"async\" border=\"0\" height=\"320\" src=\"http:\/\/www.aite-extremadura.org\/blog\/wp-content\/uploads\/2012\/02\/CARTEL_IX_JORNADAS_AT_WEB-214x300.jpg\" width=\"228\" \/><\/a><\/div>\n","protected":false},"excerpt":{"rendered":"<p>La Asociaci\u00f3n Interprofesional de Atenci\u00f3n Temprana de Andaluc\u00eda, ATAI, organiza las IX Jornadas de Atenci\u00f3n Temprana con el t\u00edtulo \u00abCalidad e Investigaci\u00f3n en Atenci\u00f3n Temprana\u00bb que se celebrar\u00e1n en Sevilla los d\u00edas 16 y 17 de Marzo.Toda la informaci\u00f3n en este enlace: JORNADAS ATAIEnlace al&nbsp;PROGRAMA<\/p>\n","protected":false},"author":1,"featured_media":213,"comment_status":"closed","ping_status":"open","sticky":false,"template":"","format":"standard","meta":{"_monsterinsights_skip_tracking":false,"_monsterinsights_sitenote_active":false,"_monsterinsights_sitenote_note":"","_monsterinsights_sitenote_category":0,"footnotes":""},"categories":[6],"tags":[],"class_list":["post-26","post","type-post","status-publish","format-standard","has-post-thumbnail","hentry","category-jornadas"],"_links":{"self":[{"href":"http:\/\/www.aite-extremadura.org\/blog\/wp-json\/wp\/v2\/posts\/26","targetHints":{"allow":["GET"]}}],"collection":[{"href":"http:\/\/www.aite-extremadura.org\/blog\/wp-json\/wp\/v2\/posts"}],"about":[{"href":"http:\/\/www.aite-extremadura.org\/blog\/wp-json\/wp\/v2\/types\/post"}],"author":[{"embeddable":true,"href":"http:\/\/www.aite-extremadura.org\/blog\/wp-json\/wp\/v2\/users\/1"}],"replies":[{"embeddable":true,"href":"http:\/\/www.aite-extremadura.org\/blog\/wp-json\/wp\/v2\/comments?post=26"}],"version-history":[{"count":1,"href":"http:\/\/www.aite-extremadura.org\/blog\/wp-json\/wp\/v2\/posts\/26\/revisions"}],"predecessor-version":[{"id":429,"href":"http:\/\/www.aite-extremadura.org\/blog\/wp-json\/wp\/v2\/posts\/26\/revisions\/429"}],"wp:featuredmedia":[{"embeddable":true,"href":"http:\/\/www.aite-extremadura.org\/blog\/wp-json\/wp\/v2\/media\/213"}],"wp:attachment":[{"href":"http:\/\/www.aite-extremadura.org\/blog\/wp-json\/wp\/v2\/media?parent=26"}],"wp:term":[{"taxonomy":"category","embeddable":true,"href":"http:\/\/www.aite-extremadura.org\/blog\/wp-json\/wp\/v2\/categories?post=26"},{"taxonomy":"post_tag","embeddable":true,"href":"http:\/\/www.aite-extremadura.org\/blog\/wp-json\/wp\/v2\/tags?post=26"}],"curies":[{"name":"wp","href":"https:\/\/api.w.org\/{rel}","templated":true}]}}