{"id":24,"date":"2012-02-23T11:02:00","date_gmt":"2012-02-23T11:02:00","guid":{"rendered":"http:\/\/www.aite-extremadura.org\/blog\/?p=24"},"modified":"2018-05-09T23:39:08","modified_gmt":"2018-05-09T22:39:08","slug":"jornadas-de-aftea-tu-mundo-es-mi-mundo","status":"publish","type":"post","link":"http:\/\/www.aite-extremadura.org\/blog\/jornadas-de-aftea-tu-mundo-es-mi-mundo\/","title":{"rendered":"Jornadas de AFTEA \u00abTu mundo es mi mundo\u00bb"},"content":{"rendered":"<div style=\"clear: both; text-align: left;\">La Asociaci\u00f3n de Familias de Personas con Trastornos del Espectro del Autismo, <a href=\"http:\/\/aftea.org\/\">AFTEA<\/a>, organiza en C\u00e1ceres las IV Jornadas \u00bb Tu mundo es mi mundo&#8230; Vamos haciendo, vamos creciendo\u00bb. La fecha de celebraci\u00f3n es el 10 de Marzo.<\/div>\n<div style=\"clear: both; text-align: left;\">Ten\u00e9is toda la inforamaci\u00f3n del programa en este <a href=\"http:\/\/aftea.org\/joomla\/index.php?option=com_content&amp;view=article&amp;id=99:iv-jornadas-aftea-tu-mundo-es-mi-mundo-vamos-haciendo-vamos-creciendo&amp;catid=1:informacion&amp;Itemid=57\">ENLACE<\/a><\/div>\n<div style=\"clear: both; text-align: center;\"><\/div>\n<div style=\"clear: both; text-align: center;\"><a href=\"http:\/\/www.aite-extremadura.org\/blog\/wp-content\/uploads\/2012\/02\/12191449.577c96c7.1024.jpg\" style=\"margin-left: 1em; margin-right: 1em;\"><img loading=\"lazy\" decoding=\"async\" border=\"0\" height=\"320\" src=\"http:\/\/www.aite-extremadura.org\/blog\/wp-content\/uploads\/2012\/02\/12191449.577c96c7.1024-212x300.jpg\" width=\"226\" \/><\/a><\/div>\n","protected":false},"excerpt":{"rendered":"<p>La Asociaci\u00f3n de Familias de Personas con Trastornos del Espectro del Autismo, AFTEA, organiza en C\u00e1ceres las IV Jornadas \u00bb Tu mundo es mi mundo&#8230; Vamos haciendo, vamos creciendo\u00bb. La fecha de celebraci\u00f3n es el 10 de Marzo. Ten\u00e9is toda la inforamaci\u00f3n del programa en este ENLACE<\/p>\n","protected":false},"author":1,"featured_media":212,"comment_status":"closed","ping_status":"open","sticky":false,"template":"","format":"standard","meta":{"_monsterinsights_skip_tracking":false,"_monsterinsights_sitenote_active":false,"_monsterinsights_sitenote_note":"","_monsterinsights_sitenote_category":0,"footnotes":""},"categories":[1],"tags":[],"class_list":["post-24","post","type-post","status-publish","format-standard","has-post-thumbnail","hentry","category-sin-categoria"],"_links":{"self":[{"href":"http:\/\/www.aite-extremadura.org\/blog\/wp-json\/wp\/v2\/posts\/24","targetHints":{"allow":["GET"]}}],"collection":[{"href":"http:\/\/www.aite-extremadura.org\/blog\/wp-json\/wp\/v2\/posts"}],"about":[{"href":"http:\/\/www.aite-extremadura.org\/blog\/wp-json\/wp\/v2\/types\/post"}],"author":[{"embeddable":true,"href":"http:\/\/www.aite-extremadura.org\/blog\/wp-json\/wp\/v2\/users\/1"}],"replies":[{"embeddable":true,"href":"http:\/\/www.aite-extremadura.org\/blog\/wp-json\/wp\/v2\/comments?post=24"}],"version-history":[{"count":1,"href":"http:\/\/www.aite-extremadura.org\/blog\/wp-json\/wp\/v2\/posts\/24\/revisions"}],"predecessor-version":[{"id":428,"href":"http:\/\/www.aite-extremadura.org\/blog\/wp-json\/wp\/v2\/posts\/24\/revisions\/428"}],"wp:featuredmedia":[{"embeddable":true,"href":"http:\/\/www.aite-extremadura.org\/blog\/wp-json\/wp\/v2\/media\/212"}],"wp:attachment":[{"href":"http:\/\/www.aite-extremadura.org\/blog\/wp-json\/wp\/v2\/media?parent=24"}],"wp:term":[{"taxonomy":"category","embeddable":true,"href":"http:\/\/www.aite-extremadura.org\/blog\/wp-json\/wp\/v2\/categories?post=24"},{"taxonomy":"post_tag","embeddable":true,"href":"http:\/\/www.aite-extremadura.org\/blog\/wp-json\/wp\/v2\/tags?post=24"}],"curies":[{"name":"wp","href":"https:\/\/api.w.org\/{rel}","templated":true}]}}