{"id":23,"date":"2012-03-05T09:14:00","date_gmt":"2012-03-05T09:14:00","guid":{"rendered":"http:\/\/www.aite-extremadura.org\/blog\/?p=23"},"modified":"2018-05-09T23:39:08","modified_gmt":"2018-05-09T22:39:08","slug":"jornada-buenas-practicas-en-atencion-temprana","status":"publish","type":"post","link":"http:\/\/www.aite-extremadura.org\/blog\/jornada-buenas-practicas-en-atencion-temprana\/","title":{"rendered":"Jornada Buenas Pr\u00e1cticas en Atenci\u00f3n Temprana"},"content":{"rendered":"<div style=\"clear: both; text-align: justify;\">La Asociaci\u00f3n Profesional Espa\u00f1ola de Terapeutas Ocupacionales (APETO) organiza una Jornada de Buenas Pr\u00e1cticas en Atenci\u00f3n Temprana el d\u00eda 17 de Marzo en Madrid.<\/div>\n<div style=\"clear: both; text-align: justify;\">Os dejamos el enlace a su web para que ampli\u00e9is informaci\u00f3n <a href=\"http:\/\/apeto.com\/index.php?option=com_content&amp;view=article&amp;id=389:buenas-practicas-en-atencion-temprana&amp;catid=40:agenda&amp;Itemid=58\">WEB APETO<\/a><\/div>\n<div style=\"clear: both; text-align: center;\"><\/div>\n<div style=\"clear: both; text-align: center;\"><a href=\"http:\/\/www.aite-extremadura.org\/blog\/wp-content\/uploads\/2012\/03\/JornadasAT.jpg\" style=\"margin-left: 1em; margin-right: 1em;\"><img loading=\"lazy\" decoding=\"async\" border=\"0\" height=\"282\" src=\"http:\/\/www.aite-extremadura.org\/blog\/wp-content\/uploads\/2012\/03\/JornadasAT-300x212.jpg\" width=\"400\" \/><\/a><\/div>\n","protected":false},"excerpt":{"rendered":"<p>La Asociaci\u00f3n Profesional Espa\u00f1ola de Terapeutas Ocupacionales (APETO) organiza una Jornada de Buenas Pr\u00e1cticas en Atenci\u00f3n Temprana el d\u00eda 17 de Marzo en Madrid. Os dejamos el enlace a su web para que ampli\u00e9is informaci\u00f3n WEB APETO<\/p>\n","protected":false},"author":1,"featured_media":211,"comment_status":"closed","ping_status":"open","sticky":false,"template":"","format":"standard","meta":{"_monsterinsights_skip_tracking":false,"_monsterinsights_sitenote_active":false,"_monsterinsights_sitenote_note":"","_monsterinsights_sitenote_category":0,"footnotes":""},"categories":[6],"tags":[],"class_list":["post-23","post","type-post","status-publish","format-standard","has-post-thumbnail","hentry","category-jornadas"],"_links":{"self":[{"href":"http:\/\/www.aite-extremadura.org\/blog\/wp-json\/wp\/v2\/posts\/23","targetHints":{"allow":["GET"]}}],"collection":[{"href":"http:\/\/www.aite-extremadura.org\/blog\/wp-json\/wp\/v2\/posts"}],"about":[{"href":"http:\/\/www.aite-extremadura.org\/blog\/wp-json\/wp\/v2\/types\/post"}],"author":[{"embeddable":true,"href":"http:\/\/www.aite-extremadura.org\/blog\/wp-json\/wp\/v2\/users\/1"}],"replies":[{"embeddable":true,"href":"http:\/\/www.aite-extremadura.org\/blog\/wp-json\/wp\/v2\/comments?post=23"}],"version-history":[{"count":1,"href":"http:\/\/www.aite-extremadura.org\/blog\/wp-json\/wp\/v2\/posts\/23\/revisions"}],"predecessor-version":[{"id":427,"href":"http:\/\/www.aite-extremadura.org\/blog\/wp-json\/wp\/v2\/posts\/23\/revisions\/427"}],"wp:featuredmedia":[{"embeddable":true,"href":"http:\/\/www.aite-extremadura.org\/blog\/wp-json\/wp\/v2\/media\/211"}],"wp:attachment":[{"href":"http:\/\/www.aite-extremadura.org\/blog\/wp-json\/wp\/v2\/media?parent=23"}],"wp:term":[{"taxonomy":"category","embeddable":true,"href":"http:\/\/www.aite-extremadura.org\/blog\/wp-json\/wp\/v2\/categories?post=23"},{"taxonomy":"post_tag","embeddable":true,"href":"http:\/\/www.aite-extremadura.org\/blog\/wp-json\/wp\/v2\/tags?post=23"}],"curies":[{"name":"wp","href":"https:\/\/api.w.org\/{rel}","templated":true}]}}