{"id":22,"date":"2012-03-07T15:46:00","date_gmt":"2012-03-07T15:46:00","guid":{"rendered":"http:\/\/www.aite-extremadura.org\/blog\/?p=22"},"modified":"2018-05-09T23:39:08","modified_gmt":"2018-05-09T22:39:08","slug":"nueva-web-de-aprosuba-3","status":"publish","type":"post","link":"http:\/\/www.aite-extremadura.org\/blog\/nueva-web-de-aprosuba-3\/","title":{"rendered":"Nueva web de Aprosuba 3"},"content":{"rendered":"<p>Os invitamos a visitar la nueva web de nuestros compa\u00f1eros de Aprosuba 3. Aprovechamos para darles la enhorabuena por ella y para animarles a seguir trabajando as\u00ed.<br \/><a href=\"http:\/\/www.aprosuba3.org\/\">WEB APROSUBA 3<\/a><br \/>En ella podr\u00e9is encontrar tambi\u00e9n toda la informaci\u00f3n sobre las pr\u00f3ximas jornadas de Inclusi\u00f3n Social que van a realizar los d\u00edas 9 y10 de marzo con motivo de su 40 aniversario. <a href=\"http:\/\/www.aprosuba3.org\/-i-jornadas-isd.html\">JORNADAS APROSUBA 3<\/a><\/p>\n<div style=\"clear: both; text-align: center;\"><a href=\"http:\/\/www.aprosuba3.org\/\"><img loading=\"lazy\" decoding=\"async\" border=\"0\" height=\"196\" src=\"http:\/\/www.aite-extremadura.org\/blog\/wp-content\/uploads\/2012\/03\/logoaprosuba3-300x185.jpg\" width=\"320\" \/><\/a><\/div>\n<div style=\"clear: both; text-align: center;\"><\/div>\n<div style=\"clear: both; text-align: center;\"><\/div>\n<div style=\"clear: both; text-align: center;\"><a href=\"http:\/\/www.aprosuba3.org\/-i-jornadas-isd.html\"><img loading=\"lazy\" decoding=\"async\" border=\"0\" height=\"320\" src=\"http:\/\/www.aite-extremadura.org\/blog\/wp-content\/uploads\/2012\/03\/jornadas-213x300.jpg\" width=\"227\" \/><\/a><\/div>\n<div style=\"clear: both; text-align: center;\"><\/div>\n","protected":false},"excerpt":{"rendered":"<p>Os invitamos a visitar la nueva web de nuestros compa\u00f1eros de Aprosuba 3. Aprovechamos para darles la enhorabuena por ella y para animarles a seguir trabajando as\u00ed.WEB APROSUBA 3En ella podr\u00e9is encontrar tambi\u00e9n toda la informaci\u00f3n sobre las pr\u00f3ximas jornadas de Inclusi\u00f3n Social que van a realizar los d\u00edas 9 y10 de marzo con motivo [&hellip;]<\/p>\n","protected":false},"author":1,"featured_media":209,"comment_status":"closed","ping_status":"open","sticky":false,"template":"","format":"standard","meta":{"_monsterinsights_skip_tracking":false,"_monsterinsights_sitenote_active":false,"_monsterinsights_sitenote_note":"","_monsterinsights_sitenote_category":0,"footnotes":""},"categories":[6,7],"tags":[],"class_list":["post-22","post","type-post","status-publish","format-standard","has-post-thumbnail","hentry","category-jornadas","category-noticias"],"_links":{"self":[{"href":"http:\/\/www.aite-extremadura.org\/blog\/wp-json\/wp\/v2\/posts\/22","targetHints":{"allow":["GET"]}}],"collection":[{"href":"http:\/\/www.aite-extremadura.org\/blog\/wp-json\/wp\/v2\/posts"}],"about":[{"href":"http:\/\/www.aite-extremadura.org\/blog\/wp-json\/wp\/v2\/types\/post"}],"author":[{"embeddable":true,"href":"http:\/\/www.aite-extremadura.org\/blog\/wp-json\/wp\/v2\/users\/1"}],"replies":[{"embeddable":true,"href":"http:\/\/www.aite-extremadura.org\/blog\/wp-json\/wp\/v2\/comments?post=22"}],"version-history":[{"count":1,"href":"http:\/\/www.aite-extremadura.org\/blog\/wp-json\/wp\/v2\/posts\/22\/revisions"}],"predecessor-version":[{"id":426,"href":"http:\/\/www.aite-extremadura.org\/blog\/wp-json\/wp\/v2\/posts\/22\/revisions\/426"}],"wp:featuredmedia":[{"embeddable":true,"href":"http:\/\/www.aite-extremadura.org\/blog\/wp-json\/wp\/v2\/media\/209"}],"wp:attachment":[{"href":"http:\/\/www.aite-extremadura.org\/blog\/wp-json\/wp\/v2\/media?parent=22"}],"wp:term":[{"taxonomy":"category","embeddable":true,"href":"http:\/\/www.aite-extremadura.org\/blog\/wp-json\/wp\/v2\/categories?post=22"},{"taxonomy":"post_tag","embeddable":true,"href":"http:\/\/www.aite-extremadura.org\/blog\/wp-json\/wp\/v2\/tags?post=22"}],"curies":[{"name":"wp","href":"https:\/\/api.w.org\/{rel}","templated":true}]}}