{"id":21,"date":"2012-03-08T18:06:00","date_gmt":"2012-03-08T18:06:00","guid":{"rendered":"http:\/\/www.aite-extremadura.org\/blog\/?p=21"},"modified":"2018-05-09T23:39:08","modified_gmt":"2018-05-09T22:39:08","slug":"iii-congreso-internacional-de-sxf-fxtas-y-fop","status":"publish","type":"post","link":"http:\/\/www.aite-extremadura.org\/blog\/iii-congreso-internacional-de-sxf-fxtas-y-fop\/","title":{"rendered":"III Congreso Internacional de SXF, FXTAS y FOP"},"content":{"rendered":"<div style=\"clear: both; text-align: center;\"><\/div>\n<div style=\"clear: both; text-align: left;\">Los pr\u00f3ximos d\u00edas 23 y 24 de Marzo se celebrar\u00e1 en Barcelona el III Congreso Internacional de S\u00edndrome de X Fr\u00e1gil, FXTAS y FOP.&nbsp;<\/div>\n<div style=\"clear: both; text-align: left;\">La informaci\u00f3n del programa y la hoja de inscripci\u00f3n la pod\u00e9is encontrar en la <a href=\"http:\/\/www.xfragil.cat\/2012\/02\/iii-congres-internacional-sxf-fxtas-i-fop\/?lang=es\">p\u00e1gina de la Asociaci\u00f3n Catalana de X Fr\u00e1gil<\/a><\/div>\n<div style=\"clear: both; text-align: center;\"><\/div>\n<p><\/p>\n<div style=\"clear: both; text-align: center;\"><a href=\"http:\/\/www.aite-extremadura.org\/blog\/wp-content\/uploads\/2012\/03\/timthumb.jpg\" style=\"margin-left: 1em; margin-right: 1em;\"><img loading=\"lazy\" decoding=\"async\" border=\"0\" height=\"104\" src=\"http:\/\/www.aite-extremadura.org\/blog\/wp-content\/uploads\/2012\/03\/timthumb-300x98.jpg\" width=\"320\" \/><\/a><\/div>\n<div><\/div>\n","protected":false},"excerpt":{"rendered":"<p>Los pr\u00f3ximos d\u00edas 23 y 24 de Marzo se celebrar\u00e1 en Barcelona el III Congreso Internacional de S\u00edndrome de X Fr\u00e1gil, FXTAS y FOP.&nbsp; La informaci\u00f3n del programa y la hoja de inscripci\u00f3n la pod\u00e9is encontrar en la p\u00e1gina de la Asociaci\u00f3n Catalana de X Fr\u00e1gil<\/p>\n","protected":false},"author":1,"featured_media":208,"comment_status":"closed","ping_status":"open","sticky":false,"template":"","format":"standard","meta":{"_monsterinsights_skip_tracking":false,"_monsterinsights_sitenote_active":false,"_monsterinsights_sitenote_note":"","_monsterinsights_sitenote_category":0,"footnotes":""},"categories":[5],"tags":[],"class_list":["post-21","post","type-post","status-publish","format-standard","has-post-thumbnail","hentry","category-congresos"],"_links":{"self":[{"href":"http:\/\/www.aite-extremadura.org\/blog\/wp-json\/wp\/v2\/posts\/21","targetHints":{"allow":["GET"]}}],"collection":[{"href":"http:\/\/www.aite-extremadura.org\/blog\/wp-json\/wp\/v2\/posts"}],"about":[{"href":"http:\/\/www.aite-extremadura.org\/blog\/wp-json\/wp\/v2\/types\/post"}],"author":[{"embeddable":true,"href":"http:\/\/www.aite-extremadura.org\/blog\/wp-json\/wp\/v2\/users\/1"}],"replies":[{"embeddable":true,"href":"http:\/\/www.aite-extremadura.org\/blog\/wp-json\/wp\/v2\/comments?post=21"}],"version-history":[{"count":1,"href":"http:\/\/www.aite-extremadura.org\/blog\/wp-json\/wp\/v2\/posts\/21\/revisions"}],"predecessor-version":[{"id":425,"href":"http:\/\/www.aite-extremadura.org\/blog\/wp-json\/wp\/v2\/posts\/21\/revisions\/425"}],"wp:featuredmedia":[{"embeddable":true,"href":"http:\/\/www.aite-extremadura.org\/blog\/wp-json\/wp\/v2\/media\/208"}],"wp:attachment":[{"href":"http:\/\/www.aite-extremadura.org\/blog\/wp-json\/wp\/v2\/media?parent=21"}],"wp:term":[{"taxonomy":"category","embeddable":true,"href":"http:\/\/www.aite-extremadura.org\/blog\/wp-json\/wp\/v2\/categories?post=21"},{"taxonomy":"post_tag","embeddable":true,"href":"http:\/\/www.aite-extremadura.org\/blog\/wp-json\/wp\/v2\/tags?post=21"}],"curies":[{"name":"wp","href":"https:\/\/api.w.org\/{rel}","templated":true}]}}