{"id":20,"date":"2012-03-11T22:11:00","date_gmt":"2012-03-11T22:11:00","guid":{"rendered":"http:\/\/www.aite-extremadura.org\/blog\/?p=20"},"modified":"2018-05-09T23:39:08","modified_gmt":"2018-05-09T22:39:08","slug":"iii-congreso-internacional-sobre-sindrome-de-asperger","status":"publish","type":"post","link":"http:\/\/www.aite-extremadura.org\/blog\/iii-congreso-internacional-sobre-sindrome-de-asperger\/","title":{"rendered":"III Congreso Internacional sobre S\u00edndrome de Asperger"},"content":{"rendered":"<p>La Asociaci\u00f3n Portuguesa de S\u00edndrome de Asperger, en colaboraci\u00f3n con la Federaci\u00f3n Asperger Espa\u00f1a organizan los d\u00edas 24, 25 y 26 de Mayo de 2012 en el Auditorio Boa Nova, en el Centro Parroquial de Estoril, Portugal, el III Congreso Internacional sobre S\u00edndrome de Asperger.<br \/>Toda la informaci\u00f3n pod\u00e9is encontrarla en este <a href=\"http:\/\/apsa.org.pt\/congresso\/apoios.php\">ENLACE A LA P\u00c1GINA DEL CONGRESO<\/a><\/p>\n<div style=\"clear: both; text-align: center;\"><a href=\"http:\/\/www.aite-extremadura.org\/blog\/wp-content\/uploads\/2012\/03\/logo_apsa.jpg\" style=\"margin-left: 1em; margin-right: 1em;\"><img decoding=\"async\" border=\"0\" src=\"http:\/\/www.aite-extremadura.org\/blog\/wp-content\/uploads\/2012\/03\/logo_apsa.jpg\" \/><\/a><\/div>\n","protected":false},"excerpt":{"rendered":"<p>La Asociaci\u00f3n Portuguesa de S\u00edndrome de Asperger, en colaboraci\u00f3n con la Federaci\u00f3n Asperger Espa\u00f1a organizan los d\u00edas 24, 25 y 26 de Mayo de 2012 en el Auditorio Boa Nova, en el Centro Parroquial de Estoril, Portugal, el III Congreso Internacional sobre S\u00edndrome de Asperger.Toda la informaci\u00f3n pod\u00e9is encontrarla en este ENLACE A LA P\u00c1GINA [&hellip;]<\/p>\n","protected":false},"author":1,"featured_media":207,"comment_status":"closed","ping_status":"open","sticky":false,"template":"","format":"standard","meta":{"_monsterinsights_skip_tracking":false,"_monsterinsights_sitenote_active":false,"_monsterinsights_sitenote_note":"","_monsterinsights_sitenote_category":0,"footnotes":""},"categories":[5],"tags":[],"class_list":["post-20","post","type-post","status-publish","format-standard","has-post-thumbnail","hentry","category-congresos"],"_links":{"self":[{"href":"http:\/\/www.aite-extremadura.org\/blog\/wp-json\/wp\/v2\/posts\/20","targetHints":{"allow":["GET"]}}],"collection":[{"href":"http:\/\/www.aite-extremadura.org\/blog\/wp-json\/wp\/v2\/posts"}],"about":[{"href":"http:\/\/www.aite-extremadura.org\/blog\/wp-json\/wp\/v2\/types\/post"}],"author":[{"embeddable":true,"href":"http:\/\/www.aite-extremadura.org\/blog\/wp-json\/wp\/v2\/users\/1"}],"replies":[{"embeddable":true,"href":"http:\/\/www.aite-extremadura.org\/blog\/wp-json\/wp\/v2\/comments?post=20"}],"version-history":[{"count":1,"href":"http:\/\/www.aite-extremadura.org\/blog\/wp-json\/wp\/v2\/posts\/20\/revisions"}],"predecessor-version":[{"id":424,"href":"http:\/\/www.aite-extremadura.org\/blog\/wp-json\/wp\/v2\/posts\/20\/revisions\/424"}],"wp:featuredmedia":[{"embeddable":true,"href":"http:\/\/www.aite-extremadura.org\/blog\/wp-json\/wp\/v2\/media\/207"}],"wp:attachment":[{"href":"http:\/\/www.aite-extremadura.org\/blog\/wp-json\/wp\/v2\/media?parent=20"}],"wp:term":[{"taxonomy":"category","embeddable":true,"href":"http:\/\/www.aite-extremadura.org\/blog\/wp-json\/wp\/v2\/categories?post=20"},{"taxonomy":"post_tag","embeddable":true,"href":"http:\/\/www.aite-extremadura.org\/blog\/wp-json\/wp\/v2\/tags?post=20"}],"curies":[{"name":"wp","href":"https:\/\/api.w.org\/{rel}","templated":true}]}}