{"id":194,"date":"2010-04-14T10:49:00","date_gmt":"2010-04-14T10:49:00","guid":{"rendered":"http:\/\/www.aite-extremadura.org\/blog\/?p=194"},"modified":"2018-05-09T23:39:15","modified_gmt":"2018-05-09T22:39:15","slug":"el-nuevo-blog-de-aite","status":"publish","type":"post","link":"http:\/\/www.aite-extremadura.org\/blog\/el-nuevo-blog-de-aite\/","title":{"rendered":"El nuevo blog de AITE"},"content":{"rendered":"<p><a href=\"http:\/\/www.aite-extremadura.org\/blog\/wp-content\/uploads\/2010\/04\/2uhwmr7.gif\"><img decoding=\"async\" style=\"float:left; margin:0 10px 10px 0;cursor:pointer; cursor:hand;width: 200px; height: 200px;\" src=\"http:\/\/www.aite-extremadura.org\/blog\/wp-content\/uploads\/2010\/04\/2uhwmr7-300x300.gif\" border=\"0\" alt=\"\"id=\"BLOGGER_PHOTO_ID_5460381043326929954\" \/><\/a><br \/>Desde hoy tenemos blog y desde aqu\u00ed compartiremos todo la informaci\u00f3n que vaya llegando a la Asociaci\u00f3n con vosotros. Esperamos que todos particip\u00e9is y podamos as\u00ed, mejorar en nuestra formaci\u00f3n y en nuestro trabajo.<\/p>\n","protected":false},"excerpt":{"rendered":"<p>Desde hoy tenemos blog y desde aqu\u00ed compartiremos todo la informaci\u00f3n que vaya llegando a la Asociaci\u00f3n con vosotros. Esperamos que todos particip\u00e9is y podamos as\u00ed, mejorar en nuestra formaci\u00f3n y en nuestro trabajo.<\/p>\n","protected":false},"author":1,"featured_media":367,"comment_status":"closed","ping_status":"open","sticky":false,"template":"","format":"standard","meta":{"_monsterinsights_skip_tracking":false,"_monsterinsights_sitenote_active":false,"_monsterinsights_sitenote_note":"","_monsterinsights_sitenote_category":0,"footnotes":""},"categories":[1],"tags":[],"class_list":["post-194","post","type-post","status-publish","format-standard","has-post-thumbnail","hentry","category-sin-categoria"],"_links":{"self":[{"href":"http:\/\/www.aite-extremadura.org\/blog\/wp-json\/wp\/v2\/posts\/194","targetHints":{"allow":["GET"]}}],"collection":[{"href":"http:\/\/www.aite-extremadura.org\/blog\/wp-json\/wp\/v2\/posts"}],"about":[{"href":"http:\/\/www.aite-extremadura.org\/blog\/wp-json\/wp\/v2\/types\/post"}],"author":[{"embeddable":true,"href":"http:\/\/www.aite-extremadura.org\/blog\/wp-json\/wp\/v2\/users\/1"}],"replies":[{"embeddable":true,"href":"http:\/\/www.aite-extremadura.org\/blog\/wp-json\/wp\/v2\/comments?post=194"}],"version-history":[{"count":1,"href":"http:\/\/www.aite-extremadura.org\/blog\/wp-json\/wp\/v2\/posts\/194\/revisions"}],"predecessor-version":[{"id":582,"href":"http:\/\/www.aite-extremadura.org\/blog\/wp-json\/wp\/v2\/posts\/194\/revisions\/582"}],"wp:featuredmedia":[{"embeddable":true,"href":"http:\/\/www.aite-extremadura.org\/blog\/wp-json\/wp\/v2\/media\/367"}],"wp:attachment":[{"href":"http:\/\/www.aite-extremadura.org\/blog\/wp-json\/wp\/v2\/media?parent=194"}],"wp:term":[{"taxonomy":"category","embeddable":true,"href":"http:\/\/www.aite-extremadura.org\/blog\/wp-json\/wp\/v2\/categories?post=194"},{"taxonomy":"post_tag","embeddable":true,"href":"http:\/\/www.aite-extremadura.org\/blog\/wp-json\/wp\/v2\/tags?post=194"}],"curies":[{"name":"wp","href":"https:\/\/api.w.org\/{rel}","templated":true}]}}