{"id":190,"date":"2010-04-15T10:09:00","date_gmt":"2010-04-15T10:09:00","guid":{"rendered":"http:\/\/www.aite-extremadura.org\/blog\/?p=190"},"modified":"2018-05-09T23:39:15","modified_gmt":"2018-05-09T22:39:15","slug":"semana-de-aspaceba","status":"publish","type":"post","link":"http:\/\/www.aite-extremadura.org\/blog\/semana-de-aspaceba\/","title":{"rendered":"Semana de ASPACEBA"},"content":{"rendered":"<p><a href=\"http:\/\/www.aite-extremadura.org\/blog\/wp-content\/uploads\/2010\/04\/foto_grande.png\"><img decoding=\"async\" style=\"float:left; margin:0 10px 10px 0;cursor:pointer; cursor:hand;width: 200px; height: 108px;\" src=\"http:\/\/www.aite-extremadura.org\/blog\/wp-content\/uploads\/2010\/04\/foto_grande.png\" border=\"0\" alt=\"\"id=\"BLOGGER_PHOTO_ID_5460379048153211346\" \/><\/a><br \/>En los pr\u00f3ximos d\u00edas del 20 al 23 de Abril de 2010, se va a celebrar en Badajoz la I Semana de la Paralisis Cerebral. Ha sido organizada por ASPACEBA. Se pretende unir la celebraci\u00f3n de esta semana con el 30 Aniversario de la constituci\u00f3n de la Asociaci\u00f3n. M\u00e1s informaci\u00f3n en la <a href=\"http:\/\/www.aspaceba.org\/\">p\u00e1gina web de ASPACEBA<\/a><\/p>\n","protected":false},"excerpt":{"rendered":"<p>En los pr\u00f3ximos d\u00edas del 20 al 23 de Abril de 2010, se va a celebrar en Badajoz la I Semana de la Paralisis Cerebral. Ha sido organizada por ASPACEBA. Se pretende unir la celebraci\u00f3n de esta semana con el 30 Aniversario de la constituci\u00f3n de la Asociaci\u00f3n. M\u00e1s informaci\u00f3n en la p\u00e1gina web de [&hellip;]<\/p>\n","protected":false},"author":1,"featured_media":365,"comment_status":"closed","ping_status":"open","sticky":false,"template":"","format":"standard","meta":{"_monsterinsights_skip_tracking":false,"_monsterinsights_sitenote_active":false,"_monsterinsights_sitenote_note":"","_monsterinsights_sitenote_category":0,"footnotes":""},"categories":[16],"tags":[],"class_list":["post-190","post","type-post","status-publish","format-standard","has-post-thumbnail","hentry","category-eventos"],"_links":{"self":[{"href":"http:\/\/www.aite-extremadura.org\/blog\/wp-json\/wp\/v2\/posts\/190","targetHints":{"allow":["GET"]}}],"collection":[{"href":"http:\/\/www.aite-extremadura.org\/blog\/wp-json\/wp\/v2\/posts"}],"about":[{"href":"http:\/\/www.aite-extremadura.org\/blog\/wp-json\/wp\/v2\/types\/post"}],"author":[{"embeddable":true,"href":"http:\/\/www.aite-extremadura.org\/blog\/wp-json\/wp\/v2\/users\/1"}],"replies":[{"embeddable":true,"href":"http:\/\/www.aite-extremadura.org\/blog\/wp-json\/wp\/v2\/comments?post=190"}],"version-history":[{"count":1,"href":"http:\/\/www.aite-extremadura.org\/blog\/wp-json\/wp\/v2\/posts\/190\/revisions"}],"predecessor-version":[{"id":580,"href":"http:\/\/www.aite-extremadura.org\/blog\/wp-json\/wp\/v2\/posts\/190\/revisions\/580"}],"wp:featuredmedia":[{"embeddable":true,"href":"http:\/\/www.aite-extremadura.org\/blog\/wp-json\/wp\/v2\/media\/365"}],"wp:attachment":[{"href":"http:\/\/www.aite-extremadura.org\/blog\/wp-json\/wp\/v2\/media?parent=190"}],"wp:term":[{"taxonomy":"category","embeddable":true,"href":"http:\/\/www.aite-extremadura.org\/blog\/wp-json\/wp\/v2\/categories?post=190"},{"taxonomy":"post_tag","embeddable":true,"href":"http:\/\/www.aite-extremadura.org\/blog\/wp-json\/wp\/v2\/tags?post=190"}],"curies":[{"name":"wp","href":"https:\/\/api.w.org\/{rel}","templated":true}]}}