{"id":19,"date":"2012-03-13T09:27:00","date_gmt":"2012-03-13T09:27:00","guid":{"rendered":"http:\/\/www.aite-extremadura.org\/blog\/?p=19"},"modified":"2018-05-09T23:39:08","modified_gmt":"2018-05-09T22:39:08","slug":"documental-sobre-autismo","status":"publish","type":"post","link":"http:\/\/www.aite-extremadura.org\/blog\/documental-sobre-autismo\/","title":{"rendered":"Documental sobre autismo"},"content":{"rendered":"<div style=\"clear: both; text-align: justify;\">En la p\u00e1gina <a href=\"http:\/\/autismodiario.org\/\">AUTISMO DIARIO<\/a> pod\u00e9is encontrar el documental \u00abMisterios del autismo\u00bb, que explora este trastorno biol\u00f3gico desde una perspectiva cient\u00edfica y humana.<\/div>\n<div style=\"clear: both; text-align: justify;\">En este <a href=\"http:\/\/autismodiario.org\/2009\/04\/12\/documental-los-misterios-del-autismo\/\">ENLACE <\/a>pod\u00e9is entrar a la noticia del documental y verlo \u00edntegro.<\/div>\n<div style=\"clear: both; text-align: center;\"><\/div>\n<div style=\"clear: both; text-align: center;\"><a href=\"http:\/\/www.aite-extremadura.org\/blog\/wp-content\/uploads\/2012\/03\/09-300x179.jpg\" style=\"margin-left: 1em; margin-right: 1em;\"><img decoding=\"async\" border=\"0\" src=\"http:\/\/www.aite-extremadura.org\/blog\/wp-content\/uploads\/2012\/03\/09-300x179.jpg\" \/><\/a><\/div>\n","protected":false},"excerpt":{"rendered":"<p>En la p\u00e1gina AUTISMO DIARIO pod\u00e9is encontrar el documental \u00abMisterios del autismo\u00bb, que explora este trastorno biol\u00f3gico desde una perspectiva cient\u00edfica y humana. En este ENLACE pod\u00e9is entrar a la noticia del documental y verlo \u00edntegro.<\/p>\n","protected":false},"author":1,"featured_media":206,"comment_status":"closed","ping_status":"open","sticky":false,"template":"","format":"standard","meta":{"_monsterinsights_skip_tracking":false,"_monsterinsights_sitenote_active":false,"_monsterinsights_sitenote_note":"","_monsterinsights_sitenote_category":0,"footnotes":""},"categories":[7],"tags":[],"class_list":["post-19","post","type-post","status-publish","format-standard","has-post-thumbnail","hentry","category-noticias"],"_links":{"self":[{"href":"http:\/\/www.aite-extremadura.org\/blog\/wp-json\/wp\/v2\/posts\/19","targetHints":{"allow":["GET"]}}],"collection":[{"href":"http:\/\/www.aite-extremadura.org\/blog\/wp-json\/wp\/v2\/posts"}],"about":[{"href":"http:\/\/www.aite-extremadura.org\/blog\/wp-json\/wp\/v2\/types\/post"}],"author":[{"embeddable":true,"href":"http:\/\/www.aite-extremadura.org\/blog\/wp-json\/wp\/v2\/users\/1"}],"replies":[{"embeddable":true,"href":"http:\/\/www.aite-extremadura.org\/blog\/wp-json\/wp\/v2\/comments?post=19"}],"version-history":[{"count":1,"href":"http:\/\/www.aite-extremadura.org\/blog\/wp-json\/wp\/v2\/posts\/19\/revisions"}],"predecessor-version":[{"id":423,"href":"http:\/\/www.aite-extremadura.org\/blog\/wp-json\/wp\/v2\/posts\/19\/revisions\/423"}],"wp:featuredmedia":[{"embeddable":true,"href":"http:\/\/www.aite-extremadura.org\/blog\/wp-json\/wp\/v2\/media\/206"}],"wp:attachment":[{"href":"http:\/\/www.aite-extremadura.org\/blog\/wp-json\/wp\/v2\/media?parent=19"}],"wp:term":[{"taxonomy":"category","embeddable":true,"href":"http:\/\/www.aite-extremadura.org\/blog\/wp-json\/wp\/v2\/categories?post=19"},{"taxonomy":"post_tag","embeddable":true,"href":"http:\/\/www.aite-extremadura.org\/blog\/wp-json\/wp\/v2\/tags?post=19"}],"curies":[{"name":"wp","href":"https:\/\/api.w.org\/{rel}","templated":true}]}}