{"id":189,"date":"2010-04-16T14:53:00","date_gmt":"2010-04-16T14:53:00","guid":{"rendered":"http:\/\/www.aite-extremadura.org\/blog\/?p=189"},"modified":"2018-05-09T23:39:15","modified_gmt":"2018-05-09T22:39:15","slug":"material-educativo-el-caracol-serafin","status":"publish","type":"post","link":"http:\/\/www.aite-extremadura.org\/blog\/material-educativo-el-caracol-serafin\/","title":{"rendered":"Material educativo: El caracol Seraf\u00edn"},"content":{"rendered":"<p><a href=\"http:\/\/www.aite-extremadura.org\/blog\/wp-content\/uploads\/2010\/04\/caracol_serafin.jpg\"><img decoding=\"async\" style=\"display:block; margin:0px auto 10px; text-align:center;cursor:pointer; cursor:hand;width: 200px; height: 60px;\" src=\"http:\/\/www.aite-extremadura.org\/blog\/wp-content\/uploads\/2010\/04\/caracol_serafin-300x90.jpg\" border=\"0\" alt=\"\"id=\"BLOGGER_PHOTO_ID_5460749372973226738\" \/><\/a><br \/>\u201cEl caracol Seraf\u00edn\u201d es un juego did\u00e1ctico multimedia especialmente elaborado para ni\u00f1as y ni\u00f1os con ceguera o deficiencia visual por la Organizaci\u00f3n Nacional de Ciegos Espa\u00f1oles (ONCE). El programa consta de un cuento interactivo, en cuatro cap\u00edtulos, y de 17 juegos con los que podr\u00e1n disfrutar, por su car\u00e1cter l\u00fadico y motivador, los alumnos de educaci\u00f3n infantil y primer ciclo de educaci\u00f3n primaria. Pod\u00e9is descargarlo o trabajar con \u00e9l on line en la <a href=\"http:\/\/www.ite.educacion.es\/pamc\/pamc_2009\/caracol_serafin\/\">p\u00e1gina del Instituto de Tecnolog\u00edas Educativas<\/a>.<\/p>\n","protected":false},"excerpt":{"rendered":"<p>\u201cEl caracol Seraf\u00edn\u201d es un juego did\u00e1ctico multimedia especialmente elaborado para ni\u00f1as y ni\u00f1os con ceguera o deficiencia visual por la Organizaci\u00f3n Nacional de Ciegos Espa\u00f1oles (ONCE). El programa consta de un cuento interactivo, en cuatro cap\u00edtulos, y de 17 juegos con los que podr\u00e1n disfrutar, por su car\u00e1cter l\u00fadico y motivador, los alumnos de [&hellip;]<\/p>\n","protected":false},"author":1,"featured_media":364,"comment_status":"closed","ping_status":"open","sticky":false,"template":"","format":"standard","meta":{"_monsterinsights_skip_tracking":false,"_monsterinsights_sitenote_active":false,"_monsterinsights_sitenote_note":"","_monsterinsights_sitenote_category":0,"footnotes":""},"categories":[12],"tags":[],"class_list":["post-189","post","type-post","status-publish","format-standard","has-post-thumbnail","hentry","category-material"],"_links":{"self":[{"href":"http:\/\/www.aite-extremadura.org\/blog\/wp-json\/wp\/v2\/posts\/189","targetHints":{"allow":["GET"]}}],"collection":[{"href":"http:\/\/www.aite-extremadura.org\/blog\/wp-json\/wp\/v2\/posts"}],"about":[{"href":"http:\/\/www.aite-extremadura.org\/blog\/wp-json\/wp\/v2\/types\/post"}],"author":[{"embeddable":true,"href":"http:\/\/www.aite-extremadura.org\/blog\/wp-json\/wp\/v2\/users\/1"}],"replies":[{"embeddable":true,"href":"http:\/\/www.aite-extremadura.org\/blog\/wp-json\/wp\/v2\/comments?post=189"}],"version-history":[{"count":1,"href":"http:\/\/www.aite-extremadura.org\/blog\/wp-json\/wp\/v2\/posts\/189\/revisions"}],"predecessor-version":[{"id":579,"href":"http:\/\/www.aite-extremadura.org\/blog\/wp-json\/wp\/v2\/posts\/189\/revisions\/579"}],"wp:featuredmedia":[{"embeddable":true,"href":"http:\/\/www.aite-extremadura.org\/blog\/wp-json\/wp\/v2\/media\/364"}],"wp:attachment":[{"href":"http:\/\/www.aite-extremadura.org\/blog\/wp-json\/wp\/v2\/media?parent=189"}],"wp:term":[{"taxonomy":"category","embeddable":true,"href":"http:\/\/www.aite-extremadura.org\/blog\/wp-json\/wp\/v2\/categories?post=189"},{"taxonomy":"post_tag","embeddable":true,"href":"http:\/\/www.aite-extremadura.org\/blog\/wp-json\/wp\/v2\/tags?post=189"}],"curies":[{"name":"wp","href":"https:\/\/api.w.org\/{rel}","templated":true}]}}