{"id":188,"date":"2010-04-18T13:25:00","date_gmt":"2010-04-18T13:25:00","guid":{"rendered":"http:\/\/www.aite-extremadura.org\/blog\/?p=188"},"modified":"2018-05-09T23:39:15","modified_gmt":"2018-05-09T22:39:15","slug":"valoracion-del-curso-de-comunicacion-pre-verbal","status":"publish","type":"post","link":"http:\/\/www.aite-extremadura.org\/blog\/valoracion-del-curso-de-comunicacion-pre-verbal\/","title":{"rendered":"Valoraci\u00f3n del Curso de comunicaci\u00f3n pre-verbal"},"content":{"rendered":"<p><a href=\"http:\/\/www.aite-extremadura.org\/blog\/wp-content\/uploads\/2010\/04\/9780921145080.jpg\"><img decoding=\"async\" style=\"float:left; margin:0 10px 10px 0;cursor:pointer; cursor:hand;width: 152px; height: 200px;\" src=\"http:\/\/www.aite-extremadura.org\/blog\/wp-content\/uploads\/2010\/04\/9780921145080-227x300.jpg\" border=\"0\" alt=\"\"id=\"BLOGGER_PHOTO_ID_5461471363618958930\" \/><\/a><br \/>Los pasados d\u00edas 16 y 17 de Abril hemos podido participar en el Curso de comunicaci\u00f3n pre-verbal impartido por Cinthia Sprenger, logopeda y terapeuta Hanen. Nos dejaba la referencia de este libro: <a href=\"http:\/\/www.espaciologopedico.com\/tienda\/detalle?Id_articulo=396\">\u00abHablando nos entendemos los dos\u00bb<\/a><br \/>Nos gustar\u00eda que los que hab\u00e9is acudido al curso lo valoreis a trav\u00e9s de correo electr\u00f3nico o comentarios. Gracias.<\/p>\n","protected":false},"excerpt":{"rendered":"<p>Los pasados d\u00edas 16 y 17 de Abril hemos podido participar en el Curso de comunicaci\u00f3n pre-verbal impartido por Cinthia Sprenger, logopeda y terapeuta Hanen. Nos dejaba la referencia de este libro: \u00abHablando nos entendemos los dos\u00bbNos gustar\u00eda que los que hab\u00e9is acudido al curso lo valoreis a trav\u00e9s de correo electr\u00f3nico o comentarios. Gracias.<\/p>\n","protected":false},"author":1,"featured_media":363,"comment_status":"closed","ping_status":"open","sticky":false,"template":"","format":"standard","meta":{"_monsterinsights_skip_tracking":false,"_monsterinsights_sitenote_active":false,"_monsterinsights_sitenote_note":"","_monsterinsights_sitenote_category":0,"footnotes":""},"categories":[3],"tags":[],"class_list":["post-188","post","type-post","status-publish","format-standard","has-post-thumbnail","hentry","category-cursos"],"_links":{"self":[{"href":"http:\/\/www.aite-extremadura.org\/blog\/wp-json\/wp\/v2\/posts\/188","targetHints":{"allow":["GET"]}}],"collection":[{"href":"http:\/\/www.aite-extremadura.org\/blog\/wp-json\/wp\/v2\/posts"}],"about":[{"href":"http:\/\/www.aite-extremadura.org\/blog\/wp-json\/wp\/v2\/types\/post"}],"author":[{"embeddable":true,"href":"http:\/\/www.aite-extremadura.org\/blog\/wp-json\/wp\/v2\/users\/1"}],"replies":[{"embeddable":true,"href":"http:\/\/www.aite-extremadura.org\/blog\/wp-json\/wp\/v2\/comments?post=188"}],"version-history":[{"count":1,"href":"http:\/\/www.aite-extremadura.org\/blog\/wp-json\/wp\/v2\/posts\/188\/revisions"}],"predecessor-version":[{"id":578,"href":"http:\/\/www.aite-extremadura.org\/blog\/wp-json\/wp\/v2\/posts\/188\/revisions\/578"}],"wp:featuredmedia":[{"embeddable":true,"href":"http:\/\/www.aite-extremadura.org\/blog\/wp-json\/wp\/v2\/media\/363"}],"wp:attachment":[{"href":"http:\/\/www.aite-extremadura.org\/blog\/wp-json\/wp\/v2\/media?parent=188"}],"wp:term":[{"taxonomy":"category","embeddable":true,"href":"http:\/\/www.aite-extremadura.org\/blog\/wp-json\/wp\/v2\/categories?post=188"},{"taxonomy":"post_tag","embeddable":true,"href":"http:\/\/www.aite-extremadura.org\/blog\/wp-json\/wp\/v2\/tags?post=188"}],"curies":[{"name":"wp","href":"https:\/\/api.w.org\/{rel}","templated":true}]}}